{"id":10410,"date":"2024-07-30T18:27:24","date_gmt":"2024-07-30T16:27:24","guid":{"rendered":"https:\/\/radiolitoral.com\/?p=10410"},"modified":"2024-07-31T11:53:28","modified_gmt":"2024-07-31T09:53:28","slug":"recuperem-els-nostres-cales-una-reivindicacio-per-un-turisme-sostenible","status":"publish","type":"post","link":"https:\/\/radiolitoral.com\/ca\/2024\/07\/recuperem-els-nostres-cales-una-reivindicacio-per-un-turisme-sostenible\/","title":{"rendered":"&#039;Recuperem les nostres cales&#039;, una reivindicaci\u00f3 per un turisme sostenible"},"content":{"rendered":"<p>Membres de la iniciativa ciutadana <strong>Reiniciem Benissa<\/strong> van dur a terme una acci\u00f3 dissabte passat per denunciar els <strong>efectes negatius del turisme de masses<\/strong> a la zona costera de Benissa. Amb pancarts que reivindicaven la necessitat de protegir el medi ambient, com \u201cRecuperem les nostres cales\u201d, \u201cMeny turisme, m\u00e9s vida\u201d i \u201cEl turisme mata la nostra terra\u201d, aquesta acci\u00f3 pret\u00e9n alertar sobre la sobreexplotaci\u00f3 dels recursos, la contaminaci\u00f3 i els abusos urban\u00edstics.<\/p>\n<p>La mobilitzaci\u00f3 va consistir en l&#039;ocupaci\u00f3 de la cala del Baladrar, on els activistes van llegir un manifest denunciant la massificaci\u00f3 tur\u00edstica. Aquesta acci\u00f3 \u00e9s la primera d&#039;aquest tipus que es va dur a terme a la Marina Alta, inspirada en moviments semblants de les Illes Balears i Can\u00e0ries.<\/p>\n<figure id=\"attachment_10412\" aria-describedby=\"caption-attachment-10412\" style=\"width: 640px\" class=\"wp-caption aligncenter\"><img loading=\"lazy\" decoding=\"async\" class=\"wp-image-10412 size-large\" src=\"https:\/\/media.radiolitoral.com\/wp-content\/uploads\/2024\/07\/30182616\/recuperem-les-cales-1-1024x768.jpeg\" alt=\"\" width=\"640\" height=\"480\" srcset=\"https:\/\/media.radiolitoral.com\/wp-content\/uploads\/2024\/07\/30182616\/recuperem-les-cales-1-1024x768.jpeg 1024w, https:\/\/media.radiolitoral.com\/wp-content\/uploads\/2024\/07\/30182616\/recuperem-les-cales-1-300x225.jpeg 300w, https:\/\/media.radiolitoral.com\/wp-content\/uploads\/2024\/07\/30182616\/recuperem-les-cales-1-768x576.jpeg 768w, https:\/\/media.radiolitoral.com\/wp-content\/uploads\/2024\/07\/30182616\/recuperem-les-cales-1-1536x1152.jpeg 1536w, https:\/\/media.radiolitoral.com\/wp-content\/uploads\/2024\/07\/30182616\/recuperem-les-cales-1-16x12.jpeg 16w, https:\/\/media.radiolitoral.com\/wp-content\/uploads\/2024\/07\/30182616\/recuperem-les-cales-1-1000x750.jpeg 1000w, https:\/\/media.radiolitoral.com\/wp-content\/uploads\/2024\/07\/30182616\/recuperem-les-cales-1-100x75.jpeg 100w, https:\/\/media.radiolitoral.com\/wp-content\/uploads\/2024\/07\/30182616\/recuperem-les-cales-1-200x150.jpeg 200w, https:\/\/media.radiolitoral.com\/wp-content\/uploads\/2024\/07\/30182616\/recuperem-les-cales-1.jpeg 1600w\" sizes=\"auto, (max-width: 640px) 100vw, 640px\" \/><figcaption id=\"caption-attachment-10412\" class=\"wp-caption-text\">Reiniciem Benissa a les protestes a la cala Baladrar | Redacci\u00f3<\/figcaption><\/figure>\n<p><strong>El problema del turisme massificat<\/strong><\/p>\n<p>La massificaci\u00f3 tur\u00edstica contribueix a l&#039;erosi\u00f3 del s\u00f2l, la destrucci\u00f3 d&#039;h\u00e0bitats naturals i la p\u00e8rdua de biodiversitat local. Els ecosistemes marins, especialment les prades de posid\u00f2nia, s\u00f3n vulnerables als canvis indu\u00efts pel turisme, com l&#039;ancoratge de vaixells i l&#039;increment de deixalles. Aquesta pressi\u00f3 s&#039;ha incrementat a causa de la popularitat creixent de les cales en xarxes socials, convertint aquests espais en destinacions tur\u00edstiques massificades.<\/p>\n<p>Els problemes inclouen la contaminaci\u00f3 de l&#039;aire pels milers de vehicles que omplen les zones d&#039;aparcament i la destrucci\u00f3 de la flora i la fauna locals. Els camins d&#039;acc\u00e9s estan deteriorats, i els cotxes aparcats de manera descontrolada bloquegen la circulaci\u00f3, afectant la vida quotidiana dels residents.<\/p>\n<p><strong>Un crit per un turisme conscient i sostenible<\/strong><\/p>\n<p>Reiniciem Benissa exigeix un turisme que respecte i cuidi l&#039;entorn, aix\u00ed com un govern que implementi mesures de gesti\u00f3 adequades per assegurar la sostenibilitat de les platges. Proposen la creaci\u00f3 de zones regulades daparcament, un augment de la vigilancia ambiental i la promoci\u00f3 dun turisme conscient que valori el patrimoni natural. La sostenibilitat s\u201fha de convertir en un pilar fonamental de l\u201festrat\u00e8gia tur\u00edstica de la Comunitat Valenciana, especialment en la gesti\u00f3 de l\u201faigua.<\/p>\n<p>\u201cHem de garantir que les cales de Benissa segueixen preservades per al gaudi de tot el m\u00f3n, tant residents com a visitants, de manera responsable. Hem de treballar com a poble per assegurar-nos que aquests maravelles naturals puguin ser gaudides per les generacions futures. Ara \u00e9s el moment d&#039;actuar per garantir un futur sostenible per a les nostres cales\u201d<\/p>","protected":false},"excerpt":{"rendered":"<p>Membres de la iniciativa ciutadana Reiniciem Benissa van dur a terme una acci\u00f3 dissabte passat per a denunciar els efectes negatius del turisme de masses en la zona costanera de Benissa. Amb pancartes que reivindicaven la necessitat de protegir el medi ambient, com \u201cRecuperem les nostres cales\u201d, \u201cMeny turisme, m\u00e9s vida\u201d i \u201cEl turisme mata [&#8230;]<\/p>\n<p><a class=\"btn btn-secondary understrap-read-more-link\" href=\"https:\/\/radiolitoral.com\/ca\/2024\/07\/recuperem-els-nostres-cales-una-reivindicacio-per-un-turisme-sostenible\/\">Continua llegint&#8230;<span class=\"screen-reader-text\"> from &#8216;Recuperem les nostres cales&#8217;, una reivindicaci\u00f3 per un turisme sostenible<\/span><\/a><\/p>\n","protected":false},"author":14,"featured_media":10411,"comment_status":"open","ping_status":"closed","sticky":false,"template":"","format":"standard","meta":{"_acf_changed":false,"inline_featured_image":false,"footnotes":""},"categories":[144],"tags":[126,1905,1158,1906,163],"class_list":["post-10410","post","type-post","status-publish","format-standard","has-post-thumbnail","hentry","category-turismo","tag-benissa","tag-calas","tag-playas","tag-reivindicacion","tag-turismo","cobertura-benissa"],"acf":[],"yoast_head":"<!-- This site is optimized with the Yoast SEO plugin v27.5 - https:\/\/yoast.com\/product\/yoast-seo-wordpress\/ -->\n<title>&#039;Recuperem les nostres cales&#039;, una reivindicaci\u00f3 per un turisme sostenible | R\u00e0dio Litoral<\/title>\n<meta name=\"description\" content=\"Reiniciem Benissa va dur a terme esta den\u00fancia sobre els efectes negatius de la massificaci\u00f3\" \/>\n<meta name=\"robots\" content=\"index, follow, max-snippet:-1, max-image-preview:large, max-video-preview:-1\" \/>\n<link rel=\"canonical\" href=\"https:\/\/radiolitoral.com\/ca\/2024\/07\/recuperem-els-nostres-cales-una-reivindicacio-per-un-turisme-sostenible\/\" \/>\n<meta property=\"og:locale\" content=\"ca_ES\" \/>\n<meta property=\"og:type\" content=\"article\" \/>\n<meta property=\"og:title\" content=\"&#039;Recuperem les nostres cales&#039;, una reivindicaci\u00f3 per un turisme sostenible | R\u00e0dio Litoral\" \/>\n<meta property=\"og:description\" content=\"Reiniciem Benissa va dur a terme esta den\u00fancia sobre els efectes negatius de la massificaci\u00f3\" \/>\n<meta property=\"og:url\" content=\"https:\/\/radiolitoral.com\/ca\/2024\/07\/recuperem-els-nostres-cales-una-reivindicacio-per-un-turisme-sostenible\/\" \/>\n<meta property=\"og:site_name\" content=\"R\u00e0dio Litoral\" \/>\n<meta property=\"article:publisher\" content=\"https:\/\/www.facebook.com\/Laradiolitoral\/\" \/>\n<meta property=\"article:published_time\" content=\"2024-07-30T16:27:24+00:00\" \/>\n<meta property=\"article:modified_time\" content=\"2024-07-31T09:53:28+00:00\" \/>\n<meta property=\"og:image\" content=\"https:\/\/media.radiolitoral.com\/wp-content\/uploads\/2024\/07\/30182612\/recuperem-les-cales-2-e1722356794958.jpeg\" \/>\n\t<meta property=\"og:image:width\" content=\"902\" \/>\n\t<meta property=\"og:image:height\" content=\"781\" \/>\n\t<meta property=\"og:image:type\" content=\"image\/jpeg\" \/>\n<meta name=\"author\" content=\"Redacci\u00f3n\" \/>\n<meta name=\"twitter:card\" content=\"summary_large_image\" \/>\n<meta name=\"twitter:label1\" content=\"Escrit per\" \/>\n\t<meta name=\"twitter:data1\" content=\"Redacci\u00f3n\" \/>\n\t<meta name=\"twitter:label2\" content=\"Temps estimat de lectura\" \/>\n\t<meta name=\"twitter:data2\" content=\"3 minuts\" \/>\n<script type=\"application\/ld+json\" class=\"yoast-schema-graph\">{\"@context\":\"https:\\\/\\\/schema.org\",\"@graph\":[{\"@type\":\"NewsArticle\",\"@id\":\"https:\\\/\\\/radiolitoral.com\\\/2024\\\/07\\\/recuperem-els-nostres-cales-una-reivindicacio-per-un-turisme-sostenible\\\/#article\",\"isPartOf\":{\"@id\":\"https:\\\/\\\/radiolitoral.com\\\/2024\\\/07\\\/recuperem-els-nostres-cales-una-reivindicacio-per-un-turisme-sostenible\\\/\"},\"author\":{\"name\":\"Redacci\u00f3n\",\"@id\":\"https:\\\/\\\/radiolitoral.com\\\/#\\\/schema\\\/person\\\/96b739642eb3bedb532aac3812d23307\"},\"headline\":\"&#8216;Recuperem les nostres cales&#8217;, una reivindicaci\u00f3 per un turisme sostenible\",\"datePublished\":\"2024-07-30T16:27:24+00:00\",\"dateModified\":\"2024-07-31T09:53:28+00:00\",\"mainEntityOfPage\":{\"@id\":\"https:\\\/\\\/radiolitoral.com\\\/2024\\\/07\\\/recuperem-els-nostres-cales-una-reivindicacio-per-un-turisme-sostenible\\\/\"},\"wordCount\":441,\"commentCount\":0,\"publisher\":{\"@id\":\"https:\\\/\\\/radiolitoral.com\\\/#organization\"},\"image\":{\"@id\":\"https:\\\/\\\/radiolitoral.com\\\/2024\\\/07\\\/recuperem-els-nostres-cales-una-reivindicacio-per-un-turisme-sostenible\\\/#primaryimage\"},\"thumbnailUrl\":\"https:\\\/\\\/media.radiolitoral.com\\\/wp-content\\\/uploads\\\/2024\\\/07\\\/30182612\\\/recuperem-les-cales-2-e1722356794958.jpeg\",\"keywords\":[\"Benissa\",\"calas\",\"Playas\",\"reivindicaci\u00f3n\",\"turismo\"],\"articleSection\":[\"Turismo\"],\"inLanguage\":\"ca\",\"potentialAction\":[{\"@type\":\"CommentAction\",\"name\":\"Comment\",\"target\":[\"https:\\\/\\\/radiolitoral.com\\\/2024\\\/07\\\/recuperem-els-nostres-cales-una-reivindicacio-per-un-turisme-sostenible\\\/#respond\"]}]},{\"@type\":[\"WebPage\",\"ItemPage\"],\"@id\":\"https:\\\/\\\/radiolitoral.com\\\/2024\\\/07\\\/recuperem-els-nostres-cales-una-reivindicacio-per-un-turisme-sostenible\\\/\",\"url\":\"https:\\\/\\\/radiolitoral.com\\\/2024\\\/07\\\/recuperem-els-nostres-cales-una-reivindicacio-per-un-turisme-sostenible\\\/\",\"name\":\"'Recuperem les nostres cales', una reivindicaci\u00f3 per un turisme sostenible | R\u00e0dio Litoral\",\"isPartOf\":{\"@id\":\"https:\\\/\\\/radiolitoral.com\\\/#website\"},\"primaryImageOfPage\":{\"@id\":\"https:\\\/\\\/radiolitoral.com\\\/2024\\\/07\\\/recuperem-els-nostres-cales-una-reivindicacio-per-un-turisme-sostenible\\\/#primaryimage\"},\"image\":{\"@id\":\"https:\\\/\\\/radiolitoral.com\\\/2024\\\/07\\\/recuperem-els-nostres-cales-una-reivindicacio-per-un-turisme-sostenible\\\/#primaryimage\"},\"thumbnailUrl\":\"https:\\\/\\\/media.radiolitoral.com\\\/wp-content\\\/uploads\\\/2024\\\/07\\\/30182612\\\/recuperem-les-cales-2-e1722356794958.jpeg\",\"datePublished\":\"2024-07-30T16:27:24+00:00\",\"dateModified\":\"2024-07-31T09:53:28+00:00\",\"description\":\"Reiniciem Benissa va dur a terme esta den\u00fancia sobre els efectes negatius de la massificaci\u00f3\",\"breadcrumb\":{\"@id\":\"https:\\\/\\\/radiolitoral.com\\\/2024\\\/07\\\/recuperem-els-nostres-cales-una-reivindicacio-per-un-turisme-sostenible\\\/#breadcrumb\"},\"inLanguage\":\"ca\",\"potentialAction\":[{\"@type\":\"ReadAction\",\"target\":[\"https:\\\/\\\/radiolitoral.com\\\/2024\\\/07\\\/recuperem-els-nostres-cales-una-reivindicacio-per-un-turisme-sostenible\\\/\"]}]},{\"@type\":\"ImageObject\",\"inLanguage\":\"ca\",\"@id\":\"https:\\\/\\\/radiolitoral.com\\\/2024\\\/07\\\/recuperem-els-nostres-cales-una-reivindicacio-per-un-turisme-sostenible\\\/#primaryimage\",\"url\":\"https:\\\/\\\/media.radiolitoral.com\\\/wp-content\\\/uploads\\\/2024\\\/07\\\/30182612\\\/recuperem-les-cales-2-e1722356794958.jpeg\",\"contentUrl\":\"https:\\\/\\\/media.radiolitoral.com\\\/wp-content\\\/uploads\\\/2024\\\/07\\\/30182612\\\/recuperem-les-cales-2-e1722356794958.jpeg\",\"width\":902,\"height\":781},{\"@type\":\"BreadcrumbList\",\"@id\":\"https:\\\/\\\/radiolitoral.com\\\/2024\\\/07\\\/recuperem-els-nostres-cales-una-reivindicacio-per-un-turisme-sostenible\\\/#breadcrumb\",\"itemListElement\":[{\"@type\":\"ListItem\",\"position\":1,\"name\":\"Portada\",\"item\":\"https:\\\/\\\/radiolitoral.com\\\/\"},{\"@type\":\"ListItem\",\"position\":2,\"name\":\"&#8216;Recuperem les nostres cales&#8217;, una reivindicaci\u00f3 per un turisme sostenible\"}]},{\"@type\":\"WebSite\",\"@id\":\"https:\\\/\\\/radiolitoral.com\\\/#website\",\"url\":\"https:\\\/\\\/radiolitoral.com\\\/\",\"name\":\"Radio Litoral\",\"description\":\"La radio local de la Marina Alta\",\"publisher\":{\"@id\":\"https:\\\/\\\/radiolitoral.com\\\/#organization\"},\"alternateName\":\"Litoral FM\",\"potentialAction\":[{\"@type\":\"SearchAction\",\"target\":{\"@type\":\"EntryPoint\",\"urlTemplate\":\"https:\\\/\\\/radiolitoral.com\\\/?s={search_term_string}\"},\"query-input\":{\"@type\":\"PropertyValueSpecification\",\"valueRequired\":true,\"valueName\":\"search_term_string\"}}],\"inLanguage\":\"ca\"},{\"@type\":\"Organization\",\"@id\":\"https:\\\/\\\/radiolitoral.com\\\/#organization\",\"name\":\"Radio Litoral\",\"url\":\"https:\\\/\\\/radiolitoral.com\\\/\",\"logo\":{\"@type\":\"ImageObject\",\"inLanguage\":\"ca\",\"@id\":\"https:\\\/\\\/radiolitoral.com\\\/#\\\/schema\\\/logo\\\/image\\\/\",\"url\":\"https:\\\/\\\/media.radiolitoral.com\\\/wp-content\\\/uploads\\\/2023\\\/02\\\/24143238\\\/CL-V-RadioLitoral696.png\",\"contentUrl\":\"https:\\\/\\\/media.radiolitoral.com\\\/wp-content\\\/uploads\\\/2023\\\/02\\\/24143238\\\/CL-V-RadioLitoral696.png\",\"width\":696,\"height\":696,\"caption\":\"Radio Litoral\"},\"image\":{\"@id\":\"https:\\\/\\\/radiolitoral.com\\\/#\\\/schema\\\/logo\\\/image\\\/\"},\"sameAs\":[\"https:\\\/\\\/www.facebook.com\\\/Laradiolitoral\\\/\"]},{\"@type\":\"Person\",\"@id\":\"https:\\\/\\\/radiolitoral.com\\\/#\\\/schema\\\/person\\\/96b739642eb3bedb532aac3812d23307\",\"name\":\"Redacci\u00f3n\",\"image\":{\"@type\":\"ImageObject\",\"inLanguage\":\"ca\",\"@id\":\"https:\\\/\\\/secure.gravatar.com\\\/avatar\\\/30cd06129ee90411dd9c7cbdcf17464181d1a3c7b072e92070ea75a25cf0097e?s=96&d=mm&r=g\",\"url\":\"https:\\\/\\\/secure.gravatar.com\\\/avatar\\\/30cd06129ee90411dd9c7cbdcf17464181d1a3c7b072e92070ea75a25cf0097e?s=96&d=mm&r=g\",\"contentUrl\":\"https:\\\/\\\/secure.gravatar.com\\\/avatar\\\/30cd06129ee90411dd9c7cbdcf17464181d1a3c7b072e92070ea75a25cf0097e?s=96&d=mm&r=g\",\"caption\":\"Redacci\u00f3n\"},\"url\":\"https:\\\/\\\/radiolitoral.com\\\/ca\\\/author\\\/kevin-carrio\\\/\"}]}<\/script>\n<!-- \/ Yoast SEO plugin. -->","yoast_head_json":{"title":"&#039;Recuperem les nostres cales&#039;, una reivindicaci\u00f3 per un turisme sostenible | R\u00e0dio Litoral","description":"Reiniciem Benissa va dur a terme aquesta denuncia sobre els efectes negatius de la massificaci\u00f3","robots":{"index":"index","follow":"follow","max-snippet":"max-snippet:-1","max-image-preview":"max-image-preview:large","max-video-preview":"max-video-preview:-1"},"canonical":"https:\/\/radiolitoral.com\/ca\/2024\/07\/recuperem-els-nostres-cales-una-reivindicacio-per-un-turisme-sostenible\/","og_locale":"ca_ES","og_type":"article","og_title":"'Recuperem les nostres cales', una reivindicaci\u00f3 per un turisme sostenible | R\u00e0dio Litoral","og_description":"Reiniciem Benissa va dur a terme esta den\u00fancia sobre els efectes negatius de la massificaci\u00f3","og_url":"https:\/\/radiolitoral.com\/ca\/2024\/07\/recuperem-els-nostres-cales-una-reivindicacio-per-un-turisme-sostenible\/","og_site_name":"R\u00e0dio Litoral","article_publisher":"https:\/\/www.facebook.com\/Laradiolitoral\/","article_published_time":"2024-07-30T16:27:24+00:00","article_modified_time":"2024-07-31T09:53:28+00:00","og_image":[{"width":902,"height":781,"url":"https:\/\/media.radiolitoral.com\/wp-content\/uploads\/2024\/07\/30182612\/recuperem-les-cales-2-e1722356794958.jpeg","type":"image\/jpeg"}],"author":"Redacci\u00f3n","twitter_card":"summary_large_image","twitter_misc":{"Escrit per":"Redacci\u00f3n","Temps estimat de lectura":"3 minuts"},"schema":{"@context":"https:\/\/schema.org","@graph":[{"@type":"NewsArticle","@id":"https:\/\/radiolitoral.com\/2024\/07\/recuperem-els-nostres-cales-una-reivindicacio-per-un-turisme-sostenible\/#article","isPartOf":{"@id":"https:\/\/radiolitoral.com\/2024\/07\/recuperem-els-nostres-cales-una-reivindicacio-per-un-turisme-sostenible\/"},"author":{"name":"Redacci\u00f3n","@id":"https:\/\/radiolitoral.com\/#\/schema\/person\/96b739642eb3bedb532aac3812d23307"},"headline":"&#8216;Recuperem les nostres cales&#8217;, una reivindicaci\u00f3 per un turisme sostenible","datePublished":"2024-07-30T16:27:24+00:00","dateModified":"2024-07-31T09:53:28+00:00","mainEntityOfPage":{"@id":"https:\/\/radiolitoral.com\/2024\/07\/recuperem-els-nostres-cales-una-reivindicacio-per-un-turisme-sostenible\/"},"wordCount":441,"commentCount":0,"publisher":{"@id":"https:\/\/radiolitoral.com\/#organization"},"image":{"@id":"https:\/\/radiolitoral.com\/2024\/07\/recuperem-els-nostres-cales-una-reivindicacio-per-un-turisme-sostenible\/#primaryimage"},"thumbnailUrl":"https:\/\/media.radiolitoral.com\/wp-content\/uploads\/2024\/07\/30182612\/recuperem-les-cales-2-e1722356794958.jpeg","keywords":["Benissa","calas","Playas","reivindicaci\u00f3n","turismo"],"articleSection":["Turismo"],"inLanguage":"ca","potentialAction":[{"@type":"CommentAction","name":"Comment","target":["https:\/\/radiolitoral.com\/2024\/07\/recuperem-els-nostres-cales-una-reivindicacio-per-un-turisme-sostenible\/#respond"]}]},{"@type":["WebPage","ItemPage"],"@id":"https:\/\/radiolitoral.com\/2024\/07\/recuperem-els-nostres-cales-una-reivindicacio-per-un-turisme-sostenible\/","url":"https:\/\/radiolitoral.com\/2024\/07\/recuperem-els-nostres-cales-una-reivindicacio-per-un-turisme-sostenible\/","name":"&#039;Recuperem les nostres cales&#039;, una reivindicaci\u00f3 per un turisme sostenible | R\u00e0dio Litoral","isPartOf":{"@id":"https:\/\/radiolitoral.com\/#website"},"primaryImageOfPage":{"@id":"https:\/\/radiolitoral.com\/2024\/07\/recuperem-els-nostres-cales-una-reivindicacio-per-un-turisme-sostenible\/#primaryimage"},"image":{"@id":"https:\/\/radiolitoral.com\/2024\/07\/recuperem-els-nostres-cales-una-reivindicacio-per-un-turisme-sostenible\/#primaryimage"},"thumbnailUrl":"https:\/\/media.radiolitoral.com\/wp-content\/uploads\/2024\/07\/30182612\/recuperem-les-cales-2-e1722356794958.jpeg","datePublished":"2024-07-30T16:27:24+00:00","dateModified":"2024-07-31T09:53:28+00:00","description":"Reiniciem Benissa va dur a terme aquesta denuncia sobre els efectes negatius de la massificaci\u00f3","breadcrumb":{"@id":"https:\/\/radiolitoral.com\/2024\/07\/recuperem-els-nostres-cales-una-reivindicacio-per-un-turisme-sostenible\/#breadcrumb"},"inLanguage":"ca","potentialAction":[{"@type":"ReadAction","target":["https:\/\/radiolitoral.com\/2024\/07\/recuperem-els-nostres-cales-una-reivindicacio-per-un-turisme-sostenible\/"]}]},{"@type":"ImageObject","inLanguage":"ca","@id":"https:\/\/radiolitoral.com\/2024\/07\/recuperem-els-nostres-cales-una-reivindicacio-per-un-turisme-sostenible\/#primaryimage","url":"https:\/\/media.radiolitoral.com\/wp-content\/uploads\/2024\/07\/30182612\/recuperem-les-cales-2-e1722356794958.jpeg","contentUrl":"https:\/\/media.radiolitoral.com\/wp-content\/uploads\/2024\/07\/30182612\/recuperem-les-cales-2-e1722356794958.jpeg","width":902,"height":781},{"@type":"BreadcrumbList","@id":"https:\/\/radiolitoral.com\/2024\/07\/recuperem-els-nostres-cales-una-reivindicacio-per-un-turisme-sostenible\/#breadcrumb","itemListElement":[{"@type":"ListItem","position":1,"name":"Portada","item":"https:\/\/radiolitoral.com\/"},{"@type":"ListItem","position":2,"name":"&#8216;Recuperem les nostres cales&#8217;, una reivindicaci\u00f3 per un turisme sostenible"}]},{"@type":"WebSite","@id":"https:\/\/radiolitoral.com\/#website","url":"https:\/\/radiolitoral.com\/","name":"R\u00e0dio Litoral","description":"La r\u00e0dio local de la Marina Alta","publisher":{"@id":"https:\/\/radiolitoral.com\/#organization"},"alternateName":"Litoral FM","potentialAction":[{"@type":"SearchAction","target":{"@type":"EntryPoint","urlTemplate":"https:\/\/radiolitoral.com\/?s={search_term_string}"},"query-input":{"@type":"PropertyValueSpecification","valueRequired":true,"valueName":"search_term_string"}}],"inLanguage":"ca"},{"@type":"Organization","@id":"https:\/\/radiolitoral.com\/#organization","name":"R\u00e0dio Litoral","url":"https:\/\/radiolitoral.com\/","logo":{"@type":"ImageObject","inLanguage":"ca","@id":"https:\/\/radiolitoral.com\/#\/schema\/logo\/image\/","url":"https:\/\/media.radiolitoral.com\/wp-content\/uploads\/2023\/02\/24143238\/CL-V-RadioLitoral696.png","contentUrl":"https:\/\/media.radiolitoral.com\/wp-content\/uploads\/2023\/02\/24143238\/CL-V-RadioLitoral696.png","width":696,"height":696,"caption":"Radio Litoral"},"image":{"@id":"https:\/\/radiolitoral.com\/#\/schema\/logo\/image\/"},"sameAs":["https:\/\/www.facebook.com\/Laradiolitoral\/"]},{"@type":"Person","@id":"https:\/\/radiolitoral.com\/#\/schema\/person\/96b739642eb3bedb532aac3812d23307","name":"Redacci\u00f3","image":{"@type":"ImageObject","inLanguage":"ca","@id":"https:\/\/secure.gravatar.com\/avatar\/30cd06129ee90411dd9c7cbdcf17464181d1a3c7b072e92070ea75a25cf0097e?s=96&d=mm&r=g","url":"https:\/\/secure.gravatar.com\/avatar\/30cd06129ee90411dd9c7cbdcf17464181d1a3c7b072e92070ea75a25cf0097e?s=96&d=mm&r=g","contentUrl":"https:\/\/secure.gravatar.com\/avatar\/30cd06129ee90411dd9c7cbdcf17464181d1a3c7b072e92070ea75a25cf0097e?s=96&d=mm&r=g","caption":"Redacci\u00f3n"},"url":"https:\/\/radiolitoral.com\/ca\/author\/kevin-carrio\/"}]}},"_links":{"self":[{"href":"https:\/\/radiolitoral.com\/ca\/wp-json\/wp\/v2\/posts\/10410","targetHints":{"allow":["GET"]}}],"collection":[{"href":"https:\/\/radiolitoral.com\/ca\/wp-json\/wp\/v2\/posts"}],"about":[{"href":"https:\/\/radiolitoral.com\/ca\/wp-json\/wp\/v2\/types\/post"}],"author":[{"embeddable":true,"href":"https:\/\/radiolitoral.com\/ca\/wp-json\/wp\/v2\/users\/14"}],"replies":[{"embeddable":true,"href":"https:\/\/radiolitoral.com\/ca\/wp-json\/wp\/v2\/comments?post=10410"}],"version-history":[{"count":2,"href":"https:\/\/radiolitoral.com\/ca\/wp-json\/wp\/v2\/posts\/10410\/revisions"}],"predecessor-version":[{"id":10438,"href":"https:\/\/radiolitoral.com\/ca\/wp-json\/wp\/v2\/posts\/10410\/revisions\/10438"}],"wp:featuredmedia":[{"embeddable":true,"href":"https:\/\/radiolitoral.com\/ca\/wp-json\/wp\/v2\/media\/10411"}],"wp:attachment":[{"href":"https:\/\/radiolitoral.com\/ca\/wp-json\/wp\/v2\/media?parent=10410"}],"wp:term":[{"taxonomy":"category","embeddable":true,"href":"https:\/\/radiolitoral.com\/ca\/wp-json\/wp\/v2\/categories?post=10410"},{"taxonomy":"post_tag","embeddable":true,"href":"https:\/\/radiolitoral.com\/ca\/wp-json\/wp\/v2\/tags?post=10410"}],"curies":[{"name":"wp","href":"https:\/\/api.w.org\/{rel}","templated":true}]}}