{"id":10391,"date":"2024-07-30T10:30:44","date_gmt":"2024-07-30T08:30:44","guid":{"rendered":"https:\/\/radiolitoral.com\/?p=10391"},"modified":"2024-07-30T10:30:44","modified_gmt":"2024-07-30T08:30:44","slug":"alex-pla-sunix-al-sd-el-pilar-valencia","status":"publish","type":"post","link":"https:\/\/radiolitoral.com\/ca\/2024\/07\/alex-pla-sunix-al-sd-el-pilar-valencia\/","title":{"rendered":"\u00c0lex Pla s&#039;unix a la SD El Pilar Val\u00e8ncia"},"content":{"rendered":"<p>Al m\u00f3n del futbol sala, s&#039;ha confirmat que\u00a0<strong>\u00c0lex Pla<\/strong>, jugador\u00a0<span class=\"hiddenSpellError\">denier<\/span> eixit de la pedrera del <strong>CD <span class=\"hiddenSpellError\">Paidos<\/span>\u00a0D\u00e9nia<\/strong> i que ha defensat els colors del\u00a0<strong><span class=\"hiddenSpellError\">CF<\/span>\u00a0Mar D\u00e9nia<\/strong> entre altres equips, ha arribat a un acord per incorporar-se a la disciplina del <strong>SD El Pilar Val\u00e8ncia<\/strong>. Pla aportar\u00e0 a l&#039;equip, que juga a la pista de l&#039;<span class=\"hiddenSpellError\">Otaegui<\/span>\u00a0Arena, una combinaci\u00f3 d&#039;experi\u00e8ncia i for\u00e7a que ser\u00e0 fonamental per als seus objectius.<\/p>\n<p>Les destacades temporades de Pla a les files de l&#039;<strong>Alboraia\u00a0<span class=\"hiddenSpellError\">FS<\/span><\/strong>\u00a0han estat determinants perqu\u00e8 s&#039;uneixi a la formaci\u00f3\u00a0<span class=\"hiddenSpellError\">pilarista<\/span>, que te com a principal meta la perman\u00e8ncia a la <strong>Segona Divisi\u00f3 B<\/strong>. L&#039;SD El Pilar Val\u00e8ncia va aconseguir l&#039;ascens despr\u00e9s de coronar-se campions al grup 14 de Tercera Divisi\u00f3 i guanyar el partit de repesca contra el\u00a0<strong><span class=\"hiddenSpellError\">CFS<\/span>\u00a0<span class=\"hiddenSpellError\">Pinatar<\/span><\/strong>, despr\u00e9s d&#039;haver caigut pr\u00e8viament davant del <strong>United Elx<\/strong>.<\/p>\n<p><strong>Un ascens merescut i un refor\u00e7 estrat\u00e8gic<\/strong><\/p>\n<p>L&#039;equip valenci\u00e0, despr\u00e9s de ser campions al seu grup, va haver d&#039;enfrontar-se al\u00a0<span class=\"hiddenSpellError\">CFS<\/span>\u00a0<span class=\"hiddenSpellError\">Pinatar<\/span> en una eliminat\u00f2ria crucial que determinaria el seu ascens. Tot i que van caure davant el United Elx, van demostrar la seva qualitat i perseveran\u00e7a a superar amb \u00e8xit el <span class=\"hiddenSpellError\">CFS<\/span>\u00a0<span class=\"hiddenSpellError\">Pinatar<\/span>, assegurant aix\u00ed el seu lloc a la Segona Divisi\u00f3 B.<\/p>\n<p>La incorporaci\u00f3 d&#039;\u00c0lex Pla \u00e9s vista com un moviment estrat\u00e8gic per enfortir l&#039;equip a la seva nova categoria. La seva experi\u00e8ncia en equips com el\u00a0<span class=\"hiddenSpellError\">Paidos<\/span>\u00a0D\u00e9nia i el\u00a0<span class=\"hiddenSpellError\">CF<\/span>\u00a0Mar D\u00e9nia, aix\u00ed com el seu rendiment a l&#039;Alboraia\u00a0<span class=\"hiddenSpellError\">FS<\/span>, el converteixen en una pe\u00e7a clau per a la SD El Pilar Val\u00e8ncia. La seva arribada no sols aporta talent, sin\u00f3 tamb\u00e9 una visi\u00f3 i lideratge que seran vitals a la pista.<\/p>\n<p><strong>Expectatives i Objectius<\/strong><\/p>\n<p>L&#039;SD El Pilar Val\u00e8ncia t\u00e9 clars els seus objectius per a la temporada que ve. La perman\u00e8ncia a la Segona Divisi\u00f3 B \u00e9s una meta ambiciosa per\u00f2 assolible amb l&#039;equip que estan formant. L&#039;afici\u00f3 i els directius del club tenen grans expectatives amb la incorporaci\u00f3 d&#039;\u00c0lex Pla, confiant que la seva contribuci\u00f3 ajudar\u00e0 a consolidar l&#039;equip a la nova categoria.<\/p>","protected":false},"excerpt":{"rendered":"<p>En el m\u00f3n del futbol sala, s&#8217;ha confirmat que\u00a0\u00c0lex\u00a0Pla, jugador\u00a0dianense eixit de la pedrera del CD Paidos\u00a0D\u00e9nia i que ha def\u00e9s els colors del\u00a0CF\u00a0Mar D\u00e9nia entre altres equips, ha arribat a un acord per a incorporar-se a la disciplina del SD El Pilar Val\u00e8ncia. Pla aportar\u00e0 a l&#8217;equip, que juga en la pista de l&#8217;Otaegui\u00a0Arena, [&#8230;]<\/p>\n<p><a class=\"btn btn-secondary understrap-read-more-link\" href=\"https:\/\/radiolitoral.com\/ca\/2024\/07\/alex-pla-sunix-al-sd-el-pilar-valencia\/\">Continua llegint&#8230;<span class=\"screen-reader-text\"> from \u00c1lex Pla s&#8217;unix al SD El Pilar Val\u00e8ncia<\/span><\/a><\/p>\n","protected":false},"author":12,"featured_media":10392,"comment_status":"open","ping_status":"closed","sticky":false,"template":"","format":"standard","meta":{"_acf_changed":false,"inline_featured_image":false,"footnotes":""},"categories":[5],"tags":[1881,1879,916,1878,1882,6,1880,1883],"class_list":["post-10391","post","type-post","status-publish","format-standard","has-post-thumbnail","hentry","category-deportes","tag-alboraia-fs","tag-alex-pla","tag-cd-paidos-denia","tag-cf-mar-denia","tag-cfs-pinatar","tag-deportes","tag-sd-el-pilar-valencia","tag-united-elche","cobertura-denia"],"acf":[],"yoast_head":"<!-- This site is optimized with the Yoast SEO plugin v27.5 - https:\/\/yoast.com\/product\/yoast-seo-wordpress\/ -->\n<title>\u00c1lex Pla s&#039;unix al SD El Pilar Val\u00e8ncia | R\u00e0dio Litoral<\/title>\n<meta name=\"description\" content=\"Refor\u00e7 de luxe per a l&#039;equip de Futbol Sala Valenciano que militar\u00e0 en la 2a Divisi\u00f3 BRefor\u00e7 de luxe per a l&#039;equip de Futbol Sala Valenciano que militar\u00e0 en la 2a Divisi\u00f3 B\" \/>\n<meta name=\"robots\" content=\"index, follow, max-snippet:-1, max-image-preview:large, max-video-preview:-1\" \/>\n<link rel=\"canonical\" href=\"https:\/\/radiolitoral.com\/ca\/2024\/07\/alex-pla-sunix-al-sd-el-pilar-valencia\/\" \/>\n<meta property=\"og:locale\" content=\"ca_ES\" \/>\n<meta property=\"og:type\" content=\"article\" \/>\n<meta property=\"og:title\" content=\"\u00c1lex Pla s&#039;unix al SD El Pilar Val\u00e8ncia | R\u00e0dio Litoral\" \/>\n<meta property=\"og:description\" content=\"Refor\u00e7 de luxe per a l&#039;equip de Futbol Sala Valenciano que militar\u00e0 en la 2a Divisi\u00f3 BRefor\u00e7 de luxe per a l&#039;equip de Futbol Sala Valenciano que militar\u00e0 en la 2a Divisi\u00f3 B\" \/>\n<meta property=\"og:url\" content=\"https:\/\/radiolitoral.com\/ca\/2024\/07\/alex-pla-sunix-al-sd-el-pilar-valencia\/\" \/>\n<meta property=\"og:site_name\" content=\"R\u00e0dio Litoral\" \/>\n<meta property=\"article:publisher\" content=\"https:\/\/www.facebook.com\/Laradiolitoral\/\" \/>\n<meta property=\"article:published_time\" content=\"2024-07-30T08:30:44+00:00\" \/>\n<meta property=\"og:image\" content=\"https:\/\/media.radiolitoral.com\/wp-content\/uploads\/2024\/07\/30103021\/452396258_18445144069058715_6312531008849490766_n.jpg\" \/>\n\t<meta property=\"og:image:width\" content=\"1080\" \/>\n\t<meta property=\"og:image:height\" content=\"726\" \/>\n\t<meta property=\"og:image:type\" content=\"image\/jpeg\" \/>\n<meta name=\"author\" content=\"Javier Zamora\" \/>\n<meta name=\"twitter:card\" content=\"summary_large_image\" \/>\n<meta name=\"twitter:label1\" content=\"Escrit per\" \/>\n\t<meta name=\"twitter:data1\" content=\"Javier Zamora\" \/>\n\t<meta name=\"twitter:label2\" content=\"Temps estimat de lectura\" \/>\n\t<meta name=\"twitter:data2\" content=\"2 minuts\" \/>\n<script type=\"application\/ld+json\" class=\"yoast-schema-graph\">{\"@context\":\"https:\\\/\\\/schema.org\",\"@graph\":[{\"@type\":\"NewsArticle\",\"@id\":\"https:\\\/\\\/radiolitoral.com\\\/2024\\\/07\\\/alex-pla-sunix-al-sd-el-pilar-valencia\\\/#article\",\"isPartOf\":{\"@id\":\"https:\\\/\\\/radiolitoral.com\\\/2024\\\/07\\\/alex-pla-sunix-al-sd-el-pilar-valencia\\\/\"},\"author\":{\"name\":\"Javier Zamora\",\"@id\":\"https:\\\/\\\/radiolitoral.com\\\/#\\\/schema\\\/person\\\/7b1480b5caeb5acdd4ec6379caf62b22\"},\"headline\":\"\u00c1lex Pla s&#8217;unix al SD El Pilar Val\u00e8ncia\",\"datePublished\":\"2024-07-30T08:30:44+00:00\",\"mainEntityOfPage\":{\"@id\":\"https:\\\/\\\/radiolitoral.com\\\/2024\\\/07\\\/alex-pla-sunix-al-sd-el-pilar-valencia\\\/\"},\"wordCount\":396,\"commentCount\":0,\"publisher\":{\"@id\":\"https:\\\/\\\/radiolitoral.com\\\/#organization\"},\"image\":{\"@id\":\"https:\\\/\\\/radiolitoral.com\\\/2024\\\/07\\\/alex-pla-sunix-al-sd-el-pilar-valencia\\\/#primaryimage\"},\"thumbnailUrl\":\"https:\\\/\\\/media.radiolitoral.com\\\/wp-content\\\/uploads\\\/2024\\\/07\\\/30103021\\\/452396258_18445144069058715_6312531008849490766_n.jpg\",\"keywords\":[\"Alboraia\u00a0FS\",\"\u00c0lex Pla\",\"CD Paidos D\u00e9nia\",\"CF\u00a0Mar D\u00e9nia\",\"CFS\u00a0Pinatar\",\"deportes\",\"SD El Pilar Val\u00e8ncia\",\"United Elche\"],\"articleSection\":[\"Deportes\"],\"inLanguage\":\"ca\",\"potentialAction\":[{\"@type\":\"CommentAction\",\"name\":\"Comment\",\"target\":[\"https:\\\/\\\/radiolitoral.com\\\/2024\\\/07\\\/alex-pla-sunix-al-sd-el-pilar-valencia\\\/#respond\"]}]},{\"@type\":[\"WebPage\",\"ItemPage\"],\"@id\":\"https:\\\/\\\/radiolitoral.com\\\/2024\\\/07\\\/alex-pla-sunix-al-sd-el-pilar-valencia\\\/\",\"url\":\"https:\\\/\\\/radiolitoral.com\\\/2024\\\/07\\\/alex-pla-sunix-al-sd-el-pilar-valencia\\\/\",\"name\":\"\u00c1lex Pla s'unix al SD El Pilar Val\u00e8ncia | R\u00e0dio Litoral\",\"isPartOf\":{\"@id\":\"https:\\\/\\\/radiolitoral.com\\\/#website\"},\"primaryImageOfPage\":{\"@id\":\"https:\\\/\\\/radiolitoral.com\\\/2024\\\/07\\\/alex-pla-sunix-al-sd-el-pilar-valencia\\\/#primaryimage\"},\"image\":{\"@id\":\"https:\\\/\\\/radiolitoral.com\\\/2024\\\/07\\\/alex-pla-sunix-al-sd-el-pilar-valencia\\\/#primaryimage\"},\"thumbnailUrl\":\"https:\\\/\\\/media.radiolitoral.com\\\/wp-content\\\/uploads\\\/2024\\\/07\\\/30103021\\\/452396258_18445144069058715_6312531008849490766_n.jpg\",\"datePublished\":\"2024-07-30T08:30:44+00:00\",\"description\":\"Refor\u00e7 de luxe per a l'equip de Futbol Sala Valenciano que militar\u00e0 en la 2a Divisi\u00f3 BRefor\u00e7 de luxe per a l'equip de Futbol Sala Valenciano que militar\u00e0 en la 2a Divisi\u00f3 B\",\"breadcrumb\":{\"@id\":\"https:\\\/\\\/radiolitoral.com\\\/2024\\\/07\\\/alex-pla-sunix-al-sd-el-pilar-valencia\\\/#breadcrumb\"},\"inLanguage\":\"ca\",\"potentialAction\":[{\"@type\":\"ReadAction\",\"target\":[\"https:\\\/\\\/radiolitoral.com\\\/2024\\\/07\\\/alex-pla-sunix-al-sd-el-pilar-valencia\\\/\"]}]},{\"@type\":\"ImageObject\",\"inLanguage\":\"ca\",\"@id\":\"https:\\\/\\\/radiolitoral.com\\\/2024\\\/07\\\/alex-pla-sunix-al-sd-el-pilar-valencia\\\/#primaryimage\",\"url\":\"https:\\\/\\\/media.radiolitoral.com\\\/wp-content\\\/uploads\\\/2024\\\/07\\\/30103021\\\/452396258_18445144069058715_6312531008849490766_n.jpg\",\"contentUrl\":\"https:\\\/\\\/media.radiolitoral.com\\\/wp-content\\\/uploads\\\/2024\\\/07\\\/30103021\\\/452396258_18445144069058715_6312531008849490766_n.jpg\",\"width\":1080,\"height\":726},{\"@type\":\"BreadcrumbList\",\"@id\":\"https:\\\/\\\/radiolitoral.com\\\/2024\\\/07\\\/alex-pla-sunix-al-sd-el-pilar-valencia\\\/#breadcrumb\",\"itemListElement\":[{\"@type\":\"ListItem\",\"position\":1,\"name\":\"Portada\",\"item\":\"https:\\\/\\\/radiolitoral.com\\\/\"},{\"@type\":\"ListItem\",\"position\":2,\"name\":\"\u00c1lex Pla s&#8217;unix al SD El Pilar Val\u00e8ncia\"}]},{\"@type\":\"WebSite\",\"@id\":\"https:\\\/\\\/radiolitoral.com\\\/#website\",\"url\":\"https:\\\/\\\/radiolitoral.com\\\/\",\"name\":\"Radio Litoral\",\"description\":\"La radio local de la Marina Alta\",\"publisher\":{\"@id\":\"https:\\\/\\\/radiolitoral.com\\\/#organization\"},\"alternateName\":\"Litoral FM\",\"potentialAction\":[{\"@type\":\"SearchAction\",\"target\":{\"@type\":\"EntryPoint\",\"urlTemplate\":\"https:\\\/\\\/radiolitoral.com\\\/?s={search_term_string}\"},\"query-input\":{\"@type\":\"PropertyValueSpecification\",\"valueRequired\":true,\"valueName\":\"search_term_string\"}}],\"inLanguage\":\"ca\"},{\"@type\":\"Organization\",\"@id\":\"https:\\\/\\\/radiolitoral.com\\\/#organization\",\"name\":\"Radio Litoral\",\"url\":\"https:\\\/\\\/radiolitoral.com\\\/\",\"logo\":{\"@type\":\"ImageObject\",\"inLanguage\":\"ca\",\"@id\":\"https:\\\/\\\/radiolitoral.com\\\/#\\\/schema\\\/logo\\\/image\\\/\",\"url\":\"https:\\\/\\\/media.radiolitoral.com\\\/wp-content\\\/uploads\\\/2023\\\/02\\\/24143238\\\/CL-V-RadioLitoral696.png\",\"contentUrl\":\"https:\\\/\\\/media.radiolitoral.com\\\/wp-content\\\/uploads\\\/2023\\\/02\\\/24143238\\\/CL-V-RadioLitoral696.png\",\"width\":696,\"height\":696,\"caption\":\"Radio Litoral\"},\"image\":{\"@id\":\"https:\\\/\\\/radiolitoral.com\\\/#\\\/schema\\\/logo\\\/image\\\/\"},\"sameAs\":[\"https:\\\/\\\/www.facebook.com\\\/Laradiolitoral\\\/\"]},{\"@type\":\"Person\",\"@id\":\"https:\\\/\\\/radiolitoral.com\\\/#\\\/schema\\\/person\\\/7b1480b5caeb5acdd4ec6379caf62b22\",\"name\":\"Javier Zamora\",\"image\":{\"@type\":\"ImageObject\",\"inLanguage\":\"ca\",\"@id\":\"https:\\\/\\\/secure.gravatar.com\\\/avatar\\\/467a11f6918c7d619c4043fc6fa2d3853053107973f05b6e9c04ea6c4e3a7b3f?s=96&d=mm&r=g\",\"url\":\"https:\\\/\\\/secure.gravatar.com\\\/avatar\\\/467a11f6918c7d619c4043fc6fa2d3853053107973f05b6e9c04ea6c4e3a7b3f?s=96&d=mm&r=g\",\"contentUrl\":\"https:\\\/\\\/secure.gravatar.com\\\/avatar\\\/467a11f6918c7d619c4043fc6fa2d3853053107973f05b6e9c04ea6c4e3a7b3f?s=96&d=mm&r=g\",\"caption\":\"Javier Zamora\"},\"url\":\"https:\\\/\\\/radiolitoral.com\\\/ca\\\/author\\\/javier-zamora\\\/\"}]}<\/script>\n<!-- \/ Yoast SEO plugin. -->","yoast_head_json":{"title":"\u00c0lex Pla s&#039;unix a la SD El Pilar Val\u00e8ncia | R\u00e0dio Litoral","description":"Refor\u00e7 de luxe per a l&#039;equip de Futbol Sala Valenci\u00e0 que militar\u00e0 a la 2a Divisi\u00f3 BRefor\u00e7 de luxe per a l&#039;equip de Futbol Sala Valenci\u00e0 que militar\u00e0 a la 2a Divisi\u00f3 B","robots":{"index":"index","follow":"follow","max-snippet":"max-snippet:-1","max-image-preview":"max-image-preview:large","max-video-preview":"max-video-preview:-1"},"canonical":"https:\/\/radiolitoral.com\/ca\/2024\/07\/alex-pla-sunix-al-sd-el-pilar-valencia\/","og_locale":"ca_ES","og_type":"article","og_title":"\u00c1lex Pla s'unix al SD El Pilar Val\u00e8ncia | R\u00e0dio Litoral","og_description":"Refor\u00e7 de luxe per a l'equip de Futbol Sala Valenciano que militar\u00e0 en la 2a Divisi\u00f3 BRefor\u00e7 de luxe per a l'equip de Futbol Sala Valenciano que militar\u00e0 en la 2a Divisi\u00f3 B","og_url":"https:\/\/radiolitoral.com\/ca\/2024\/07\/alex-pla-sunix-al-sd-el-pilar-valencia\/","og_site_name":"R\u00e0dio Litoral","article_publisher":"https:\/\/www.facebook.com\/Laradiolitoral\/","article_published_time":"2024-07-30T08:30:44+00:00","og_image":[{"width":1080,"height":726,"url":"https:\/\/media.radiolitoral.com\/wp-content\/uploads\/2024\/07\/30103021\/452396258_18445144069058715_6312531008849490766_n.jpg","type":"image\/jpeg"}],"author":"Javier Zamora","twitter_card":"summary_large_image","twitter_misc":{"Escrit per":"Javier Zamora","Temps estimat de lectura":"2 minuts"},"schema":{"@context":"https:\/\/schema.org","@graph":[{"@type":"NewsArticle","@id":"https:\/\/radiolitoral.com\/2024\/07\/alex-pla-sunix-al-sd-el-pilar-valencia\/#article","isPartOf":{"@id":"https:\/\/radiolitoral.com\/2024\/07\/alex-pla-sunix-al-sd-el-pilar-valencia\/"},"author":{"name":"Javier Zamora","@id":"https:\/\/radiolitoral.com\/#\/schema\/person\/7b1480b5caeb5acdd4ec6379caf62b22"},"headline":"\u00c1lex Pla s&#8217;unix al SD El Pilar Val\u00e8ncia","datePublished":"2024-07-30T08:30:44+00:00","mainEntityOfPage":{"@id":"https:\/\/radiolitoral.com\/2024\/07\/alex-pla-sunix-al-sd-el-pilar-valencia\/"},"wordCount":396,"commentCount":0,"publisher":{"@id":"https:\/\/radiolitoral.com\/#organization"},"image":{"@id":"https:\/\/radiolitoral.com\/2024\/07\/alex-pla-sunix-al-sd-el-pilar-valencia\/#primaryimage"},"thumbnailUrl":"https:\/\/media.radiolitoral.com\/wp-content\/uploads\/2024\/07\/30103021\/452396258_18445144069058715_6312531008849490766_n.jpg","keywords":["Alboraia\u00a0FS","\u00c0lex Pla","CD Paidos D\u00e9nia","CF\u00a0Mar D\u00e9nia","CFS\u00a0Pinatar","deportes","SD El Pilar Val\u00e8ncia","United Elche"],"articleSection":["Deportes"],"inLanguage":"ca","potentialAction":[{"@type":"CommentAction","name":"Comment","target":["https:\/\/radiolitoral.com\/2024\/07\/alex-pla-sunix-al-sd-el-pilar-valencia\/#respond"]}]},{"@type":["WebPage","ItemPage"],"@id":"https:\/\/radiolitoral.com\/2024\/07\/alex-pla-sunix-al-sd-el-pilar-valencia\/","url":"https:\/\/radiolitoral.com\/2024\/07\/alex-pla-sunix-al-sd-el-pilar-valencia\/","name":"\u00c0lex Pla s&#039;unix a la SD El Pilar Val\u00e8ncia | R\u00e0dio Litoral","isPartOf":{"@id":"https:\/\/radiolitoral.com\/#website"},"primaryImageOfPage":{"@id":"https:\/\/radiolitoral.com\/2024\/07\/alex-pla-sunix-al-sd-el-pilar-valencia\/#primaryimage"},"image":{"@id":"https:\/\/radiolitoral.com\/2024\/07\/alex-pla-sunix-al-sd-el-pilar-valencia\/#primaryimage"},"thumbnailUrl":"https:\/\/media.radiolitoral.com\/wp-content\/uploads\/2024\/07\/30103021\/452396258_18445144069058715_6312531008849490766_n.jpg","datePublished":"2024-07-30T08:30:44+00:00","description":"Refor\u00e7 de luxe per a l&#039;equip de Futbol Sala Valenci\u00e0 que militar\u00e0 a la 2a Divisi\u00f3 BRefor\u00e7 de luxe per a l&#039;equip de Futbol Sala Valenci\u00e0 que militar\u00e0 a la 2a Divisi\u00f3 B","breadcrumb":{"@id":"https:\/\/radiolitoral.com\/2024\/07\/alex-pla-sunix-al-sd-el-pilar-valencia\/#breadcrumb"},"inLanguage":"ca","potentialAction":[{"@type":"ReadAction","target":["https:\/\/radiolitoral.com\/2024\/07\/alex-pla-sunix-al-sd-el-pilar-valencia\/"]}]},{"@type":"ImageObject","inLanguage":"ca","@id":"https:\/\/radiolitoral.com\/2024\/07\/alex-pla-sunix-al-sd-el-pilar-valencia\/#primaryimage","url":"https:\/\/media.radiolitoral.com\/wp-content\/uploads\/2024\/07\/30103021\/452396258_18445144069058715_6312531008849490766_n.jpg","contentUrl":"https:\/\/media.radiolitoral.com\/wp-content\/uploads\/2024\/07\/30103021\/452396258_18445144069058715_6312531008849490766_n.jpg","width":1080,"height":726},{"@type":"BreadcrumbList","@id":"https:\/\/radiolitoral.com\/2024\/07\/alex-pla-sunix-al-sd-el-pilar-valencia\/#breadcrumb","itemListElement":[{"@type":"ListItem","position":1,"name":"Portada","item":"https:\/\/radiolitoral.com\/"},{"@type":"ListItem","position":2,"name":"\u00c1lex Pla s&#8217;unix al SD El Pilar Val\u00e8ncia"}]},{"@type":"WebSite","@id":"https:\/\/radiolitoral.com\/#website","url":"https:\/\/radiolitoral.com\/","name":"R\u00e0dio Litoral","description":"La r\u00e0dio local de la Marina Alta","publisher":{"@id":"https:\/\/radiolitoral.com\/#organization"},"alternateName":"Litoral FM","potentialAction":[{"@type":"SearchAction","target":{"@type":"EntryPoint","urlTemplate":"https:\/\/radiolitoral.com\/?s={search_term_string}"},"query-input":{"@type":"PropertyValueSpecification","valueRequired":true,"valueName":"search_term_string"}}],"inLanguage":"ca"},{"@type":"Organization","@id":"https:\/\/radiolitoral.com\/#organization","name":"R\u00e0dio Litoral","url":"https:\/\/radiolitoral.com\/","logo":{"@type":"ImageObject","inLanguage":"ca","@id":"https:\/\/radiolitoral.com\/#\/schema\/logo\/image\/","url":"https:\/\/media.radiolitoral.com\/wp-content\/uploads\/2023\/02\/24143238\/CL-V-RadioLitoral696.png","contentUrl":"https:\/\/media.radiolitoral.com\/wp-content\/uploads\/2023\/02\/24143238\/CL-V-RadioLitoral696.png","width":696,"height":696,"caption":"Radio Litoral"},"image":{"@id":"https:\/\/radiolitoral.com\/#\/schema\/logo\/image\/"},"sameAs":["https:\/\/www.facebook.com\/Laradiolitoral\/"]},{"@type":"Person","@id":"https:\/\/radiolitoral.com\/#\/schema\/person\/7b1480b5caeb5acdd4ec6379caf62b22","name":"Javier Zamora","image":{"@type":"ImageObject","inLanguage":"ca","@id":"https:\/\/secure.gravatar.com\/avatar\/467a11f6918c7d619c4043fc6fa2d3853053107973f05b6e9c04ea6c4e3a7b3f?s=96&d=mm&r=g","url":"https:\/\/secure.gravatar.com\/avatar\/467a11f6918c7d619c4043fc6fa2d3853053107973f05b6e9c04ea6c4e3a7b3f?s=96&d=mm&r=g","contentUrl":"https:\/\/secure.gravatar.com\/avatar\/467a11f6918c7d619c4043fc6fa2d3853053107973f05b6e9c04ea6c4e3a7b3f?s=96&d=mm&r=g","caption":"Javier Zamora"},"url":"https:\/\/radiolitoral.com\/ca\/author\/javier-zamora\/"}]}},"_links":{"self":[{"href":"https:\/\/radiolitoral.com\/ca\/wp-json\/wp\/v2\/posts\/10391","targetHints":{"allow":["GET"]}}],"collection":[{"href":"https:\/\/radiolitoral.com\/ca\/wp-json\/wp\/v2\/posts"}],"about":[{"href":"https:\/\/radiolitoral.com\/ca\/wp-json\/wp\/v2\/types\/post"}],"author":[{"embeddable":true,"href":"https:\/\/radiolitoral.com\/ca\/wp-json\/wp\/v2\/users\/12"}],"replies":[{"embeddable":true,"href":"https:\/\/radiolitoral.com\/ca\/wp-json\/wp\/v2\/comments?post=10391"}],"version-history":[{"count":2,"href":"https:\/\/radiolitoral.com\/ca\/wp-json\/wp\/v2\/posts\/10391\/revisions"}],"predecessor-version":[{"id":10394,"href":"https:\/\/radiolitoral.com\/ca\/wp-json\/wp\/v2\/posts\/10391\/revisions\/10394"}],"wp:featuredmedia":[{"embeddable":true,"href":"https:\/\/radiolitoral.com\/ca\/wp-json\/wp\/v2\/media\/10392"}],"wp:attachment":[{"href":"https:\/\/radiolitoral.com\/ca\/wp-json\/wp\/v2\/media?parent=10391"}],"wp:term":[{"taxonomy":"category","embeddable":true,"href":"https:\/\/radiolitoral.com\/ca\/wp-json\/wp\/v2\/categories?post=10391"},{"taxonomy":"post_tag","embeddable":true,"href":"https:\/\/radiolitoral.com\/ca\/wp-json\/wp\/v2\/tags?post=10391"}],"curies":[{"name":"wp","href":"https:\/\/api.w.org\/{rel}","templated":true}]}}