{"id":10358,"date":"2024-07-29T12:28:43","date_gmt":"2024-07-29T10:28:43","guid":{"rendered":"https:\/\/radiolitoral.com\/?p=10358"},"modified":"2024-07-29T12:41:33","modified_gmt":"2024-07-29T10:41:33","slug":"sonafilm-rendira-homenatge-al-compositor-john-williams","status":"publish","type":"post","link":"https:\/\/radiolitoral.com\/ca\/2024\/07\/sonafilm-rendira-homenatge-al-compositor-john-williams\/","title":{"rendered":"Sonafilm retr\u00e0 homenatge al compositor John Williams"},"content":{"rendered":"<p><strong><span class=\"hiddenSpellError\">Sonafilm<\/span>, el Festival de M\u00fasica de Cinema Marina Alta,<\/strong> ha presentat recentment al Teatre Auditori de Beniarbeig la <strong>programaci\u00f3 final <\/strong>de la seva <strong>sexta edici\u00f3<\/strong>, que aquest any <strong>homenatjar\u00e0 el llegendari John Williams<\/strong>, el m\u00e9s guardonat compositor de Hollywood i autor de les inoblidables bandes sonors de \u201cLa Guerra de les Gal\u00e0xies\u201d, \u201cIndiana <span class=\"hiddenSpellError\">Jones<\/span>\u201d o \u201cParc Jur\u00e0ssic\u201d.<\/p>\n<p>L&#039;esdeveniment \u00e9s desenvolupar\u00e0 <strong>del 2 al 24 d&#039;agost<\/strong> a les localitats d<strong>&#039;Ondara, D\u00e9nia, <span class=\"hiddenSpellError\">Calp<\/span>, l&#039;Auditori Teulada Moraira i Beniarbeig<\/strong>, i acollir\u00e0 fins a cinc concerts, cadascun amb un estil musical \u00fanic relacionat amb l&#039;audiovisual, a m\u00e9s de diverses activitats did\u00e0ctiques.<\/p>\n<p>&quot;El cinema modern no s&#039;entendria sense la m\u00fasica de John Williams&quot;, ha explicat <strong><span class=\"hiddenSpellError\">Javier<\/span> Gil, director del festival,<\/strong> a la presentaci\u00f3, i per aix\u00f2 han decidit dedicar al m\u00fasic estatunidenc un <strong>multitudinari concert el 24 d&#039;agost a les <span class=\"hiddenGrammarError\">23:00 hores<\/span> a la pla\u00e7a de Bous d&#039;Ondara<\/strong>, que comptar\u00e0 amb <strong>m\u00e9s de 150 m\u00fasics sobre l&#039;escenari<\/strong>, la formaci\u00f3 m\u00e9s gran a la hist\u00f2ria del festival.<\/p>\n<p>Amb el t\u00edtol <strong><span class=\"hiddenGrammarError\">\u201cHomenatge<\/span> a John Williams<\/strong>\u201d, l&#039;espectacle est\u00e0 organitzat per la Regidoria de Turisme de l&#039;Ajuntament d&#039;Ondara i recorrer\u00e0 les m\u00e9s destacades creacions de l&#039;artista. La m\u00fasica ser\u00e0 interpretada per la <strong>Universal <span class=\"hiddenSpellError\">Symphony<\/span> <span class=\"hiddenSpellError\">Orxestra<\/span><\/strong>, juntament amb<strong> els cors de la Universitat Polit\u00e8cnica de Val\u00e8ncia i el Cor Infantil CODA<\/strong>, sota la direcci\u00f3 del mestre Jos\u00e9 Mart\u00ednez Colomina.<\/p>\n<p><span class=\"hiddenSpellError\">Sonafilm<\/span> tamb\u00e9 retr\u00e0 tribut al reconegut <strong>compositor japon\u00e8s <span class=\"hiddenSpellError\">Shigeru<\/span> <span class=\"hiddenSpellError\">Umebayashi<\/span><\/strong>, mestre de la m\u00fasica del cinema oriental i col\u00b7laborador habitual de cineastes de gran prestigi com <span class=\"hiddenSpellError\">Zhang<\/span> <span class=\"hiddenSpellError\">Yimou<\/span> (\u201cLa Casa dels Dagues Voladors\u201d) o <span class=\"hiddenSpellError\">Wong<\/span> <span class=\"hiddenSpellError\">Kar<\/span> <span class=\"hiddenSpellError\">Wai<\/span> (\u201cDesitjant Estimar\u201d). Ser\u00e0 el <strong>2 d&#039;agost a l&#039;Auditori Teulada Moraira<\/strong> (carrer d&#039;Orba, 2, Teulada, Alacant), on la Universal <span class=\"hiddenSpellError\">Chamber<\/span> <span class=\"hiddenSpellError\">Orxestra<\/span> oferir\u00e0 \u201cuna del\u00edcia est\u00e8tica que transita entre els treballs d&#039;<span class=\"hiddenSpellError\">Umebayashi<\/span> pel cinema rom\u00e0ntic i les hist\u00f2ries d&#039;arts marcials ambientades a la Xina medieval\u201d, segons expliquin els responsables.<\/p>\n<p>A m\u00e9s, al festival acudiran destacats <strong>compositors espanyols<\/strong> com <strong><span class=\"hiddenSpellError\">Zacaries<\/span> M. De La <span class=\"hiddenSpellError\">Riva<\/span><\/strong> (\u201c<span class=\"hiddenSpellError\">Baixocer<\/span>\u201d, \u201cLes Aventures de Tadeu <span class=\"hiddenSpellError\">Jones<\/span>\u201d),<strong> Manuel Gil-<span class=\"hiddenSpellError\">Anglada<\/span><\/strong> (\u201cBarri S\u00e8sam\u201d, \u201cSaber i Guanyar\u201d, \u201cEls <span class=\"hiddenSpellError\">Lunnis<\/span>\u201d), <strong><span class=\"hiddenSpellError\">Dar\u00edo<\/span> Colom<\/strong> (\u201c<span class=\"hiddenSuggestion\">Estimar<\/span> \u00e9s per sempre\u201d),<strong> Vicent Ortiz<\/strong> <span class=\"hiddenSpellError\">Gimero<\/span> (\u201c<span class=\"hiddenGrammarError\">Els Farad<\/span>\u201d) i <strong>Paula <span class=\"hiddenSpellError\">Olaz<\/span><\/strong> (\u201cBaix ter\u00e0pia\u201d).<\/p>\n<p>Tots ells seran els protagonistes de \u201cM\u00fasica de Cinema: <span class=\"hiddenSpellError\">Made<\/span> <span class=\"hiddenSpellError\">In<\/span> <span class=\"hiddenSpellError\">Spain<\/span> 2\u201d, <strong>el 16 d&#039;agost a Auditori de Calp a les 20:<span class=\"hiddenGrammarError\">30h<\/span><\/strong>. Es tracta de la segona part d&#039;un dels espectacles m\u00e9s celebrats a la passada edici\u00f3 de <span class=\"hiddenSpellError\">Sonafilm<\/span>, un concert simf\u00f2nic de m\u00fasica de cinema \u00fanic al nostre pa\u00eds, ja que est\u00e0 dedicat \u00edntegrament a les composicions creades per a l&#039;audiovisual espanyol.<\/p>\n<p>Una altra de les cites destacades ser\u00e0 l&#039;<strong>espectacle \u201cTV Series <span class=\"hiddenSpellError\">Songs<\/span><\/strong>\u201d, creat en exclusiva per a Sonafilm i que se celebrar\u00e0 el<strong> 9 d&#039;agost al Teatre Auditori Centre Social<\/strong> (C\/ Calder\u00f3n, 4) de D\u00e9nia. A <span class=\"hiddenSuggestion\">aquest<\/span> muntatge, la banda <strong><span class=\"hiddenSuggestion\">pop-<\/span>rock <span class=\"hiddenSpellError\">Moanin<\/span><span class=\"hiddenGrammarError\">&#039;<\/span> <span class=\"hiddenGrammarError\">Project<\/span><\/strong> interpretar\u00e0 can\u00e7ons d&#039;exitosos teles\u00e8ries com \u201cLa Casa de <span class=\"hiddenSpellError\">Paper<\/span>\u201d, \u201cNarcos\u201d, \u201c<span class=\"hiddenSpellError\">Friends<\/span>\u201d o \u201cEl Cotxe Fant\u00e0stic\u201d.<\/p>\n<p>El <strong>cinema mut<\/strong> tamb\u00e9 tindr\u00e0 un paper rellevant a la sexta edici\u00f3 de <span class=\"hiddenSpellError\">Sonafilm<\/span>, amb un nou projecte on es projectar\u00e0 una pel\u00b7l\u00edcula al mateix temps que s&#039;interpreta la banda sonora en directe, tal com es feia al passat. El t\u00edtol escollit \u00e9s \u201c<strong>Nosferatu<\/strong>\u201d de 1922, que es podr\u00e0 veure el <strong>10 d&#039;agost a les 20.30 hores al Teatre Auditori de Beniarbeig<\/strong> (Av. De la Rectoria, 24).<\/p>\n<p>L&#039;organitzaci\u00f3 del festival agraeix les empreses i entitats que, a trav\u00e9s de patrocinis i col\u00b7laboracions, han estat una part clau per posar en marxa <span class=\"hiddenSuggestion\">aquesta<\/span> nova edici\u00f3 juntament amb els municipis participants.<\/p>","protected":false},"excerpt":{"rendered":"<p>Sonafilm, el Festival de M\u00fasica de Cine Marina Alta, ha presentat recentment en el Teatre Auditori de Beniarbeig la programaci\u00f3 final de la seua sisena edici\u00f3, que enguany homenatjar\u00e0 al llegendari John Williams, el m\u00e9s guardonat compositor de Hollywood i autor de les inoblidables bandes sonores de \u201cLa Guerra de les Gal\u00e0xies\u201d, \u201cIndiana Jones\u201d o [&#8230;]<\/p>\n<p><a class=\"btn btn-secondary understrap-read-more-link\" href=\"https:\/\/radiolitoral.com\/ca\/2024\/07\/sonafilm-rendira-homenatge-al-compositor-john-williams\/\">Continua llegint&#8230;<span class=\"screen-reader-text\"> from Sonafilm rendir\u00e0 homenatge al compositor John Williams<\/span><\/a><\/p>\n","protected":false},"author":13,"featured_media":10359,"comment_status":"open","ping_status":"closed","sticky":false,"template":"","format":"standard","meta":{"_acf_changed":false,"inline_featured_image":false,"footnotes":""},"categories":[55],"tags":[56,112,1864,314,983,1863],"class_list":["post-10358","post","type-post","status-publish","format-standard","has-post-thumbnail","hentry","category-cultura","tag-cine","tag-cultura","tag-festival","tag-marina-alta","tag-musica","tag-sonafilm","cobertura-marina-alta"],"acf":[],"yoast_head":"<!-- This site is optimized with the Yoast SEO plugin v27.5 - https:\/\/yoast.com\/product\/yoast-seo-wordpress\/ -->\n<title>Sonafilm rendir\u00e0 homenatge al compositor John Williams | R\u00e0dio Litoral<\/title>\n<meta name=\"description\" content=\"Esta sisena edici\u00f3 se celebrar\u00e0 del 2 al 24 d&#039;agost Esta sisena edici\u00f3 se celebrar\u00e0 del 2 al 24 d&#039;agost\" \/>\n<meta name=\"robots\" content=\"index, follow, max-snippet:-1, max-image-preview:large, max-video-preview:-1\" \/>\n<link rel=\"canonical\" href=\"https:\/\/radiolitoral.com\/ca\/2024\/07\/sonafilm-rendira-homenatge-al-compositor-john-williams\/\" \/>\n<meta property=\"og:locale\" content=\"ca_ES\" \/>\n<meta property=\"og:type\" content=\"article\" \/>\n<meta property=\"og:title\" content=\"Sonafilm rendir\u00e0 homenatge al compositor John Williams | R\u00e0dio Litoral\" \/>\n<meta property=\"og:description\" content=\"Esta sisena edici\u00f3 se celebrar\u00e0 del 2 al 24 d&#039;agost Esta sisena edici\u00f3 se celebrar\u00e0 del 2 al 24 d&#039;agost\" \/>\n<meta property=\"og:url\" content=\"https:\/\/radiolitoral.com\/ca\/2024\/07\/sonafilm-rendira-homenatge-al-compositor-john-williams\/\" \/>\n<meta property=\"og:site_name\" content=\"R\u00e0dio Litoral\" \/>\n<meta property=\"article:publisher\" content=\"https:\/\/www.facebook.com\/Laradiolitoral\/\" \/>\n<meta property=\"article:published_time\" content=\"2024-07-29T10:28:43+00:00\" \/>\n<meta property=\"article:modified_time\" content=\"2024-07-29T10:41:33+00:00\" \/>\n<meta property=\"og:image\" content=\"https:\/\/media.radiolitoral.com\/wp-content\/uploads\/2024\/07\/29122715\/73A5255.jpg\" \/>\n\t<meta property=\"og:image:width\" content=\"1920\" \/>\n\t<meta property=\"og:image:height\" content=\"1219\" \/>\n\t<meta property=\"og:image:type\" content=\"image\/jpeg\" \/>\n<meta name=\"author\" content=\"Redacci\u00f3n\" \/>\n<meta name=\"twitter:card\" content=\"summary_large_image\" \/>\n<meta name=\"twitter:label1\" content=\"Escrit per\" \/>\n\t<meta name=\"twitter:data1\" content=\"Redacci\u00f3n\" \/>\n\t<meta name=\"twitter:label2\" content=\"Temps estimat de lectura\" \/>\n\t<meta name=\"twitter:data2\" content=\"3 minuts\" \/>\n<script type=\"application\/ld+json\" class=\"yoast-schema-graph\">{\"@context\":\"https:\\\/\\\/schema.org\",\"@graph\":[{\"@type\":\"NewsArticle\",\"@id\":\"https:\\\/\\\/radiolitoral.com\\\/2024\\\/07\\\/sonafilm-rendira-homenatge-al-compositor-john-williams\\\/#article\",\"isPartOf\":{\"@id\":\"https:\\\/\\\/radiolitoral.com\\\/2024\\\/07\\\/sonafilm-rendira-homenatge-al-compositor-john-williams\\\/\"},\"author\":{\"name\":\"Redacci\u00f3n\",\"@id\":\"https:\\\/\\\/radiolitoral.com\\\/#\\\/schema\\\/person\\\/f2b2343c49b5d721857cc1002bfdb151\"},\"headline\":\"Sonafilm rendir\u00e0 homenatge al compositor John Williams\",\"datePublished\":\"2024-07-29T10:28:43+00:00\",\"dateModified\":\"2024-07-29T10:41:33+00:00\",\"mainEntityOfPage\":{\"@id\":\"https:\\\/\\\/radiolitoral.com\\\/2024\\\/07\\\/sonafilm-rendira-homenatge-al-compositor-john-williams\\\/\"},\"wordCount\":644,\"commentCount\":0,\"publisher\":{\"@id\":\"https:\\\/\\\/radiolitoral.com\\\/#organization\"},\"image\":{\"@id\":\"https:\\\/\\\/radiolitoral.com\\\/2024\\\/07\\\/sonafilm-rendira-homenatge-al-compositor-john-williams\\\/#primaryimage\"},\"thumbnailUrl\":\"https:\\\/\\\/media.radiolitoral.com\\\/wp-content\\\/uploads\\\/2024\\\/07\\\/29122715\\\/73A5255.jpg\",\"keywords\":[\"Cine\",\"cultura\",\"Festival\",\"Marina Alta\",\"M\u00fasica\",\"Sonafilm\"],\"articleSection\":[\"Cultura\"],\"inLanguage\":\"ca\",\"potentialAction\":[{\"@type\":\"CommentAction\",\"name\":\"Comment\",\"target\":[\"https:\\\/\\\/radiolitoral.com\\\/2024\\\/07\\\/sonafilm-rendira-homenatge-al-compositor-john-williams\\\/#respond\"]}]},{\"@type\":[\"WebPage\",\"ItemPage\"],\"@id\":\"https:\\\/\\\/radiolitoral.com\\\/2024\\\/07\\\/sonafilm-rendira-homenatge-al-compositor-john-williams\\\/\",\"url\":\"https:\\\/\\\/radiolitoral.com\\\/2024\\\/07\\\/sonafilm-rendira-homenatge-al-compositor-john-williams\\\/\",\"name\":\"Sonafilm rendir\u00e0 homenatge al compositor John Williams | R\u00e0dio Litoral\",\"isPartOf\":{\"@id\":\"https:\\\/\\\/radiolitoral.com\\\/#website\"},\"primaryImageOfPage\":{\"@id\":\"https:\\\/\\\/radiolitoral.com\\\/2024\\\/07\\\/sonafilm-rendira-homenatge-al-compositor-john-williams\\\/#primaryimage\"},\"image\":{\"@id\":\"https:\\\/\\\/radiolitoral.com\\\/2024\\\/07\\\/sonafilm-rendira-homenatge-al-compositor-john-williams\\\/#primaryimage\"},\"thumbnailUrl\":\"https:\\\/\\\/media.radiolitoral.com\\\/wp-content\\\/uploads\\\/2024\\\/07\\\/29122715\\\/73A5255.jpg\",\"datePublished\":\"2024-07-29T10:28:43+00:00\",\"dateModified\":\"2024-07-29T10:41:33+00:00\",\"description\":\"Esta sisena edici\u00f3 se celebrar\u00e0 del 2 al 24 d'agost Esta sisena edici\u00f3 se celebrar\u00e0 del 2 al 24 d'agost\",\"breadcrumb\":{\"@id\":\"https:\\\/\\\/radiolitoral.com\\\/2024\\\/07\\\/sonafilm-rendira-homenatge-al-compositor-john-williams\\\/#breadcrumb\"},\"inLanguage\":\"ca\",\"potentialAction\":[{\"@type\":\"ReadAction\",\"target\":[\"https:\\\/\\\/radiolitoral.com\\\/2024\\\/07\\\/sonafilm-rendira-homenatge-al-compositor-john-williams\\\/\"]}]},{\"@type\":\"ImageObject\",\"inLanguage\":\"ca\",\"@id\":\"https:\\\/\\\/radiolitoral.com\\\/2024\\\/07\\\/sonafilm-rendira-homenatge-al-compositor-john-williams\\\/#primaryimage\",\"url\":\"https:\\\/\\\/media.radiolitoral.com\\\/wp-content\\\/uploads\\\/2024\\\/07\\\/29122715\\\/73A5255.jpg\",\"contentUrl\":\"https:\\\/\\\/media.radiolitoral.com\\\/wp-content\\\/uploads\\\/2024\\\/07\\\/29122715\\\/73A5255.jpg\",\"width\":1920,\"height\":1219},{\"@type\":\"BreadcrumbList\",\"@id\":\"https:\\\/\\\/radiolitoral.com\\\/2024\\\/07\\\/sonafilm-rendira-homenatge-al-compositor-john-williams\\\/#breadcrumb\",\"itemListElement\":[{\"@type\":\"ListItem\",\"position\":1,\"name\":\"Portada\",\"item\":\"https:\\\/\\\/radiolitoral.com\\\/\"},{\"@type\":\"ListItem\",\"position\":2,\"name\":\"Sonafilm rendir\u00e0 homenatge al compositor John Williams\"}]},{\"@type\":\"WebSite\",\"@id\":\"https:\\\/\\\/radiolitoral.com\\\/#website\",\"url\":\"https:\\\/\\\/radiolitoral.com\\\/\",\"name\":\"Radio Litoral\",\"description\":\"La radio local de la Marina Alta\",\"publisher\":{\"@id\":\"https:\\\/\\\/radiolitoral.com\\\/#organization\"},\"alternateName\":\"Litoral FM\",\"potentialAction\":[{\"@type\":\"SearchAction\",\"target\":{\"@type\":\"EntryPoint\",\"urlTemplate\":\"https:\\\/\\\/radiolitoral.com\\\/?s={search_term_string}\"},\"query-input\":{\"@type\":\"PropertyValueSpecification\",\"valueRequired\":true,\"valueName\":\"search_term_string\"}}],\"inLanguage\":\"ca\"},{\"@type\":\"Organization\",\"@id\":\"https:\\\/\\\/radiolitoral.com\\\/#organization\",\"name\":\"Radio Litoral\",\"url\":\"https:\\\/\\\/radiolitoral.com\\\/\",\"logo\":{\"@type\":\"ImageObject\",\"inLanguage\":\"ca\",\"@id\":\"https:\\\/\\\/radiolitoral.com\\\/#\\\/schema\\\/logo\\\/image\\\/\",\"url\":\"https:\\\/\\\/media.radiolitoral.com\\\/wp-content\\\/uploads\\\/2023\\\/02\\\/24143238\\\/CL-V-RadioLitoral696.png\",\"contentUrl\":\"https:\\\/\\\/media.radiolitoral.com\\\/wp-content\\\/uploads\\\/2023\\\/02\\\/24143238\\\/CL-V-RadioLitoral696.png\",\"width\":696,\"height\":696,\"caption\":\"Radio Litoral\"},\"image\":{\"@id\":\"https:\\\/\\\/radiolitoral.com\\\/#\\\/schema\\\/logo\\\/image\\\/\"},\"sameAs\":[\"https:\\\/\\\/www.facebook.com\\\/Laradiolitoral\\\/\"]},{\"@type\":\"Person\",\"@id\":\"https:\\\/\\\/radiolitoral.com\\\/#\\\/schema\\\/person\\\/f2b2343c49b5d721857cc1002bfdb151\",\"name\":\"Redacci\u00f3n\",\"image\":{\"@type\":\"ImageObject\",\"inLanguage\":\"ca\",\"@id\":\"https:\\\/\\\/secure.gravatar.com\\\/avatar\\\/f771d896c203ad8b3382d7905cfcce5a5c9b008b84b3cd9114e9b9f4cb63f789?s=96&d=mm&r=g\",\"url\":\"https:\\\/\\\/secure.gravatar.com\\\/avatar\\\/f771d896c203ad8b3382d7905cfcce5a5c9b008b84b3cd9114e9b9f4cb63f789?s=96&d=mm&r=g\",\"contentUrl\":\"https:\\\/\\\/secure.gravatar.com\\\/avatar\\\/f771d896c203ad8b3382d7905cfcce5a5c9b008b84b3cd9114e9b9f4cb63f789?s=96&d=mm&r=g\",\"caption\":\"Redacci\u00f3n\"},\"url\":\"https:\\\/\\\/radiolitoral.com\\\/ca\\\/author\\\/miriam-pagan\\\/\"}]}<\/script>\n<!-- \/ Yoast SEO plugin. -->","yoast_head_json":{"title":"Sonafilm retr\u00e0 homenatge al compositor John Williams | R\u00e0dio Litoral","description":"Aquesta sexta edici\u00f3 tindr\u00e0 lloc del 2 al 24 d&#039;agost Aquesta sexta edici\u00f3 tindr\u00e0 lloc del 2 al 24 d&#039;agost","robots":{"index":"index","follow":"follow","max-snippet":"max-snippet:-1","max-image-preview":"max-image-preview:large","max-video-preview":"max-video-preview:-1"},"canonical":"https:\/\/radiolitoral.com\/ca\/2024\/07\/sonafilm-rendira-homenatge-al-compositor-john-williams\/","og_locale":"ca_ES","og_type":"article","og_title":"Sonafilm rendir\u00e0 homenatge al compositor John Williams | R\u00e0dio Litoral","og_description":"Esta sisena edici\u00f3 se celebrar\u00e0 del 2 al 24 d'agost Esta sisena edici\u00f3 se celebrar\u00e0 del 2 al 24 d'agost","og_url":"https:\/\/radiolitoral.com\/ca\/2024\/07\/sonafilm-rendira-homenatge-al-compositor-john-williams\/","og_site_name":"R\u00e0dio Litoral","article_publisher":"https:\/\/www.facebook.com\/Laradiolitoral\/","article_published_time":"2024-07-29T10:28:43+00:00","article_modified_time":"2024-07-29T10:41:33+00:00","og_image":[{"width":1920,"height":1219,"url":"https:\/\/media.radiolitoral.com\/wp-content\/uploads\/2024\/07\/29122715\/73A5255.jpg","type":"image\/jpeg"}],"author":"Redacci\u00f3n","twitter_card":"summary_large_image","twitter_misc":{"Escrit per":"Redacci\u00f3n","Temps estimat de lectura":"3 minuts"},"schema":{"@context":"https:\/\/schema.org","@graph":[{"@type":"NewsArticle","@id":"https:\/\/radiolitoral.com\/2024\/07\/sonafilm-rendira-homenatge-al-compositor-john-williams\/#article","isPartOf":{"@id":"https:\/\/radiolitoral.com\/2024\/07\/sonafilm-rendira-homenatge-al-compositor-john-williams\/"},"author":{"name":"Redacci\u00f3n","@id":"https:\/\/radiolitoral.com\/#\/schema\/person\/f2b2343c49b5d721857cc1002bfdb151"},"headline":"Sonafilm rendir\u00e0 homenatge al compositor John Williams","datePublished":"2024-07-29T10:28:43+00:00","dateModified":"2024-07-29T10:41:33+00:00","mainEntityOfPage":{"@id":"https:\/\/radiolitoral.com\/2024\/07\/sonafilm-rendira-homenatge-al-compositor-john-williams\/"},"wordCount":644,"commentCount":0,"publisher":{"@id":"https:\/\/radiolitoral.com\/#organization"},"image":{"@id":"https:\/\/radiolitoral.com\/2024\/07\/sonafilm-rendira-homenatge-al-compositor-john-williams\/#primaryimage"},"thumbnailUrl":"https:\/\/media.radiolitoral.com\/wp-content\/uploads\/2024\/07\/29122715\/73A5255.jpg","keywords":["Cine","cultura","Festival","Marina Alta","M\u00fasica","Sonafilm"],"articleSection":["Cultura"],"inLanguage":"ca","potentialAction":[{"@type":"CommentAction","name":"Comment","target":["https:\/\/radiolitoral.com\/2024\/07\/sonafilm-rendira-homenatge-al-compositor-john-williams\/#respond"]}]},{"@type":["WebPage","ItemPage"],"@id":"https:\/\/radiolitoral.com\/2024\/07\/sonafilm-rendira-homenatge-al-compositor-john-williams\/","url":"https:\/\/radiolitoral.com\/2024\/07\/sonafilm-rendira-homenatge-al-compositor-john-williams\/","name":"Sonafilm retr\u00e0 homenatge al compositor John Williams | R\u00e0dio Litoral","isPartOf":{"@id":"https:\/\/radiolitoral.com\/#website"},"primaryImageOfPage":{"@id":"https:\/\/radiolitoral.com\/2024\/07\/sonafilm-rendira-homenatge-al-compositor-john-williams\/#primaryimage"},"image":{"@id":"https:\/\/radiolitoral.com\/2024\/07\/sonafilm-rendira-homenatge-al-compositor-john-williams\/#primaryimage"},"thumbnailUrl":"https:\/\/media.radiolitoral.com\/wp-content\/uploads\/2024\/07\/29122715\/73A5255.jpg","datePublished":"2024-07-29T10:28:43+00:00","dateModified":"2024-07-29T10:41:33+00:00","description":"Aquesta sexta edici\u00f3 tindr\u00e0 lloc del 2 al 24 d&#039;agost Aquesta sexta edici\u00f3 tindr\u00e0 lloc del 2 al 24 d&#039;agost","breadcrumb":{"@id":"https:\/\/radiolitoral.com\/2024\/07\/sonafilm-rendira-homenatge-al-compositor-john-williams\/#breadcrumb"},"inLanguage":"ca","potentialAction":[{"@type":"ReadAction","target":["https:\/\/radiolitoral.com\/2024\/07\/sonafilm-rendira-homenatge-al-compositor-john-williams\/"]}]},{"@type":"ImageObject","inLanguage":"ca","@id":"https:\/\/radiolitoral.com\/2024\/07\/sonafilm-rendira-homenatge-al-compositor-john-williams\/#primaryimage","url":"https:\/\/media.radiolitoral.com\/wp-content\/uploads\/2024\/07\/29122715\/73A5255.jpg","contentUrl":"https:\/\/media.radiolitoral.com\/wp-content\/uploads\/2024\/07\/29122715\/73A5255.jpg","width":1920,"height":1219},{"@type":"BreadcrumbList","@id":"https:\/\/radiolitoral.com\/2024\/07\/sonafilm-rendira-homenatge-al-compositor-john-williams\/#breadcrumb","itemListElement":[{"@type":"ListItem","position":1,"name":"Portada","item":"https:\/\/radiolitoral.com\/"},{"@type":"ListItem","position":2,"name":"Sonafilm rendir\u00e0 homenatge al compositor John Williams"}]},{"@type":"WebSite","@id":"https:\/\/radiolitoral.com\/#website","url":"https:\/\/radiolitoral.com\/","name":"R\u00e0dio Litoral","description":"La r\u00e0dio local de la Marina Alta","publisher":{"@id":"https:\/\/radiolitoral.com\/#organization"},"alternateName":"Litoral FM","potentialAction":[{"@type":"SearchAction","target":{"@type":"EntryPoint","urlTemplate":"https:\/\/radiolitoral.com\/?s={search_term_string}"},"query-input":{"@type":"PropertyValueSpecification","valueRequired":true,"valueName":"search_term_string"}}],"inLanguage":"ca"},{"@type":"Organization","@id":"https:\/\/radiolitoral.com\/#organization","name":"R\u00e0dio Litoral","url":"https:\/\/radiolitoral.com\/","logo":{"@type":"ImageObject","inLanguage":"ca","@id":"https:\/\/radiolitoral.com\/#\/schema\/logo\/image\/","url":"https:\/\/media.radiolitoral.com\/wp-content\/uploads\/2023\/02\/24143238\/CL-V-RadioLitoral696.png","contentUrl":"https:\/\/media.radiolitoral.com\/wp-content\/uploads\/2023\/02\/24143238\/CL-V-RadioLitoral696.png","width":696,"height":696,"caption":"Radio Litoral"},"image":{"@id":"https:\/\/radiolitoral.com\/#\/schema\/logo\/image\/"},"sameAs":["https:\/\/www.facebook.com\/Laradiolitoral\/"]},{"@type":"Person","@id":"https:\/\/radiolitoral.com\/#\/schema\/person\/f2b2343c49b5d721857cc1002bfdb151","name":"Redacci\u00f3","image":{"@type":"ImageObject","inLanguage":"ca","@id":"https:\/\/secure.gravatar.com\/avatar\/f771d896c203ad8b3382d7905cfcce5a5c9b008b84b3cd9114e9b9f4cb63f789?s=96&d=mm&r=g","url":"https:\/\/secure.gravatar.com\/avatar\/f771d896c203ad8b3382d7905cfcce5a5c9b008b84b3cd9114e9b9f4cb63f789?s=96&d=mm&r=g","contentUrl":"https:\/\/secure.gravatar.com\/avatar\/f771d896c203ad8b3382d7905cfcce5a5c9b008b84b3cd9114e9b9f4cb63f789?s=96&d=mm&r=g","caption":"Redacci\u00f3n"},"url":"https:\/\/radiolitoral.com\/ca\/author\/miriam-pagan\/"}]}},"_links":{"self":[{"href":"https:\/\/radiolitoral.com\/ca\/wp-json\/wp\/v2\/posts\/10358","targetHints":{"allow":["GET"]}}],"collection":[{"href":"https:\/\/radiolitoral.com\/ca\/wp-json\/wp\/v2\/posts"}],"about":[{"href":"https:\/\/radiolitoral.com\/ca\/wp-json\/wp\/v2\/types\/post"}],"author":[{"embeddable":true,"href":"https:\/\/radiolitoral.com\/ca\/wp-json\/wp\/v2\/users\/13"}],"replies":[{"embeddable":true,"href":"https:\/\/radiolitoral.com\/ca\/wp-json\/wp\/v2\/comments?post=10358"}],"version-history":[{"count":3,"href":"https:\/\/radiolitoral.com\/ca\/wp-json\/wp\/v2\/posts\/10358\/revisions"}],"predecessor-version":[{"id":10365,"href":"https:\/\/radiolitoral.com\/ca\/wp-json\/wp\/v2\/posts\/10358\/revisions\/10365"}],"wp:featuredmedia":[{"embeddable":true,"href":"https:\/\/radiolitoral.com\/ca\/wp-json\/wp\/v2\/media\/10359"}],"wp:attachment":[{"href":"https:\/\/radiolitoral.com\/ca\/wp-json\/wp\/v2\/media?parent=10358"}],"wp:term":[{"taxonomy":"category","embeddable":true,"href":"https:\/\/radiolitoral.com\/ca\/wp-json\/wp\/v2\/categories?post=10358"},{"taxonomy":"post_tag","embeddable":true,"href":"https:\/\/radiolitoral.com\/ca\/wp-json\/wp\/v2\/tags?post=10358"}],"curies":[{"name":"wp","href":"https:\/\/api.w.org\/{rel}","templated":true}]}}