{"id":10339,"date":"2024-07-29T11:11:25","date_gmt":"2024-07-29T09:11:25","guid":{"rendered":"https:\/\/radiolitoral.com\/?p=10339"},"modified":"2024-07-29T18:58:38","modified_gmt":"2024-07-29T16:58:38","slug":"el-ballet-de-kiev-a-dalt-a-lagost-a-lauditori-de-teulada-moraira-dins-de-la-seva-gira-solidria","status":"publish","type":"post","link":"https:\/\/radiolitoral.com\/ca\/2024\/07\/el-ballet-de-kiev-arriba-a-lagost-a-lauditori-de-teulada-moraira-dins-del-seu-gira-solidaria\/","title":{"rendered":"El Ballet de K\u00edev arriba a l&#039;agost a l&#039;Auditori de Teulada Moraira dins de la gira solid\u00e0ria"},"content":{"rendered":"<p>El <strong>Ballet de K\u00edev<\/strong> recala aquest mes d&#039;agost a Teulada, dins del seu recorregut per Espanya en el marc de la gira solid\u00e0ria per donar suport a la inf\u00e0ncia d&#039;Ucra\u00efna a trav\u00e9s d&#039;UNICEF.<\/p>\n<p>Una iniciativa cultural i solid\u00e0ria que arrenca dem\u00e0 <strong>dimarts 30 de juliol<\/strong> a Madrid, amb l&#039;objectiu de movilitzar fons per fer costat als menors ia les fam\u00edlies afectades per la guerra a Ucra\u00efna.<\/p>\n<p>La companyia de ballet ucra\u00efnesa interpretar\u00e0 peixos cl\u00e0ssics, com el Llac dels Cignes o el Trencanous fins a finals del mes de febrer del 2025 dins d&#039;aquesta gira solid\u00e0ria. Un periple que arriba a la Marina Alta per licitar-se a l&#039;escenari de <strong>l&#039;Auditori Teulada Moraira<\/strong> i interpretar un dels ballets m\u00e9s coneguts de Txaikovski, el Llac dels Cisnes. La cita \u00e9s el diumenge 11 d&#039;agost. Les entrades ja estan a la bena.<\/p>\n<p>Segons ha assenyalat a Europa Press la responsable d&#039;Aliances corporatives d&#039;UNICEF Espanya, Marta L\u00f3pez Fesser, \u201ccada dia, la guerra continua tenint conseq\u00fc\u00e8ncies devastadores per als m\u00e9s de set milions de xiquets d&#039;Ucra\u00efna, obligats a fugir dels seus llars \u201d Aquesta acci\u00f3, apunta L\u00f3pez Fesser, \u00e9s un comprom\u00eds amb la inf\u00e0ncia i les seves fam\u00edlies, un exemple que la cultura \u00e9s mobilitza per conscienciar i fer costat als que m\u00e9s ho necessiten.<\/p>","protected":false},"excerpt":{"rendered":"<p>El Ballet de Kiev recala este mes d&#8217;agost a Teulada, dins del seu recorregut per Espanya en el marc de la gira solid\u00e0ria per a fer costat a la inf\u00e0ncia d&#8217;Ucra\u00efna a trav\u00e9s d&#8217;UNICEF. Una iniciativa cultural i solid\u00e0ria que arranca dem\u00e0 dimarts 30 de juliol a Madrid, amb l&#8217;objectiu de mobilitzar fons per a [&#8230;]<\/p>\n<p><a class=\"btn btn-secondary understrap-read-more-link\" href=\"https:\/\/radiolitoral.com\/ca\/2024\/07\/el-ballet-de-kiev-arriba-a-lagost-a-lauditori-de-teulada-moraira-dins-del-seu-gira-solidaria\/\">Continua llegint&#8230;<span class=\"screen-reader-text\"> from El Ballet de Kiev arriba a l&#8217;agost a l&#8217;Auditori de Teulada Moraira dins de la seua gira solid\u00e0ria<\/span><\/a><\/p>\n","protected":false},"author":13,"featured_media":10340,"comment_status":"open","ping_status":"closed","sticky":false,"template":"","format":"standard","meta":{"_acf_changed":false,"inline_featured_image":false,"footnotes":""},"categories":[55],"tags":[1860,1859,112,195],"class_list":["post-10339","post","type-post","status-publish","format-standard","has-post-thumbnail","hentry","category-cultura","tag-ballet","tag-ballet-de-kiev","tag-cultura","tag-teulada-moraira","cobertura-teulada-moraira"],"acf":[],"yoast_head":"<!-- This site is optimized with the Yoast SEO plugin v27.5 - https:\/\/yoast.com\/product\/yoast-seo-wordpress\/ -->\n<title>El Ballet de Kiev arriba a l&#039;agost a l&#039;Auditori de Teulada Moraira dins de la seua gira solid\u00e0ria | R\u00e0dio Litoral<\/title>\n<meta name=\"description\" content=\"Representaci\u00f3 del Llac dels Cignes per a fer costat a la inf\u00e0ncia v\u00edctima de la guerra\" \/>\n<meta name=\"robots\" content=\"index, follow, max-snippet:-1, max-image-preview:large, max-video-preview:-1\" \/>\n<link rel=\"canonical\" href=\"https:\/\/radiolitoral.com\/ca\/2024\/07\/el-ballet-de-kiev-a-dalt-a-lagost-a-lauditori-de-teulada-moraira-dins-de-la-seva-gira-solidria\/\" \/>\n<meta property=\"og:locale\" content=\"ca_ES\" \/>\n<meta property=\"og:type\" content=\"article\" \/>\n<meta property=\"og:title\" content=\"El Ballet de Kiev arriba a l&#039;agost a l&#039;Auditori de Teulada Moraira dins de la seua gira solid\u00e0ria | R\u00e0dio Litoral\" \/>\n<meta property=\"og:description\" content=\"Representaci\u00f3 del Llac dels Cignes per a fer costat a la inf\u00e0ncia v\u00edctima de la guerra\" \/>\n<meta property=\"og:url\" content=\"https:\/\/radiolitoral.com\/ca\/2024\/07\/el-ballet-de-kiev-a-dalt-a-lagost-a-lauditori-de-teulada-moraira-dins-de-la-seva-gira-solidria\/\" \/>\n<meta property=\"og:site_name\" content=\"R\u00e0dio Litoral\" \/>\n<meta property=\"article:publisher\" content=\"https:\/\/www.facebook.com\/Laradiolitoral\/\" \/>\n<meta property=\"article:published_time\" content=\"2024-07-29T09:11:25+00:00\" \/>\n<meta property=\"article:modified_time\" content=\"2024-07-29T16:58:38+00:00\" \/>\n<meta property=\"og:image\" content=\"https:\/\/media.radiolitoral.com\/wp-content\/uploads\/2024\/07\/29111041\/ballet-de-kiev.jpeg\" \/>\n\t<meta property=\"og:image:width\" content=\"1200\" \/>\n\t<meta property=\"og:image:height\" content=\"800\" \/>\n\t<meta property=\"og:image:type\" content=\"image\/jpeg\" \/>\n<meta name=\"author\" content=\"Redacci\u00f3n\" \/>\n<meta name=\"twitter:card\" content=\"summary_large_image\" \/>\n<meta name=\"twitter:label1\" content=\"Escrit per\" \/>\n\t<meta name=\"twitter:data1\" content=\"Redacci\u00f3n\" \/>\n\t<meta name=\"twitter:label2\" content=\"Temps estimat de lectura\" \/>\n\t<meta name=\"twitter:data2\" content=\"2 minuts\" \/>\n<script type=\"application\/ld+json\" class=\"yoast-schema-graph\">{\"@context\":\"https:\\\/\\\/schema.org\",\"@graph\":[{\"@type\":\"NewsArticle\",\"@id\":\"https:\\\/\\\/radiolitoral.com\\\/2024\\\/07\\\/el-ballet-de-kiev-arriba-a-lagost-a-lauditori-de-teulada-moraira-dins-del-seu-gira-solidaria\\\/#article\",\"isPartOf\":{\"@id\":\"https:\\\/\\\/radiolitoral.com\\\/2024\\\/07\\\/el-ballet-de-kiev-arriba-a-lagost-a-lauditori-de-teulada-moraira-dins-del-seu-gira-solidaria\\\/\"},\"author\":{\"name\":\"Redacci\u00f3n\",\"@id\":\"https:\\\/\\\/radiolitoral.com\\\/#\\\/schema\\\/person\\\/f2b2343c49b5d721857cc1002bfdb151\"},\"headline\":\"El Ballet de Kiev arriba a l&#8217;agost a l&#8217;Auditori de Teulada Moraira dins de la seua gira solid\u00e0ria\",\"datePublished\":\"2024-07-29T09:11:25+00:00\",\"dateModified\":\"2024-07-29T16:58:38+00:00\",\"mainEntityOfPage\":{\"@id\":\"https:\\\/\\\/radiolitoral.com\\\/2024\\\/07\\\/el-ballet-de-kiev-arriba-a-lagost-a-lauditori-de-teulada-moraira-dins-del-seu-gira-solidaria\\\/\"},\"wordCount\":264,\"commentCount\":0,\"publisher\":{\"@id\":\"https:\\\/\\\/radiolitoral.com\\\/#organization\"},\"image\":{\"@id\":\"https:\\\/\\\/radiolitoral.com\\\/2024\\\/07\\\/el-ballet-de-kiev-arriba-a-lagost-a-lauditori-de-teulada-moraira-dins-del-seu-gira-solidaria\\\/#primaryimage\"},\"thumbnailUrl\":\"https:\\\/\\\/media.radiolitoral.com\\\/wp-content\\\/uploads\\\/2024\\\/07\\\/29111041\\\/ballet-de-kiev.jpeg\",\"keywords\":[\"ballet\",\"Ballet de Kiev\",\"cultura\",\"Teulada-Moraira\"],\"articleSection\":[\"Cultura\"],\"inLanguage\":\"ca\",\"potentialAction\":[{\"@type\":\"CommentAction\",\"name\":\"Comment\",\"target\":[\"https:\\\/\\\/radiolitoral.com\\\/2024\\\/07\\\/el-ballet-de-kiev-arriba-a-lagost-a-lauditori-de-teulada-moraira-dins-del-seu-gira-solidaria\\\/#respond\"]}]},{\"@type\":[\"WebPage\",\"ItemPage\"],\"@id\":\"https:\\\/\\\/radiolitoral.com\\\/2024\\\/07\\\/el-ballet-de-kiev-arriba-a-lagost-a-lauditori-de-teulada-moraira-dins-del-seu-gira-solidaria\\\/\",\"url\":\"https:\\\/\\\/radiolitoral.com\\\/2024\\\/07\\\/el-ballet-de-kiev-arriba-a-lagost-a-lauditori-de-teulada-moraira-dins-del-seu-gira-solidaria\\\/\",\"name\":\"El Ballet de Kiev arriba a l'agost a l'Auditori de Teulada Moraira dins de la seua gira solid\u00e0ria | R\u00e0dio Litoral\",\"isPartOf\":{\"@id\":\"https:\\\/\\\/radiolitoral.com\\\/#website\"},\"primaryImageOfPage\":{\"@id\":\"https:\\\/\\\/radiolitoral.com\\\/2024\\\/07\\\/el-ballet-de-kiev-arriba-a-lagost-a-lauditori-de-teulada-moraira-dins-del-seu-gira-solidaria\\\/#primaryimage\"},\"image\":{\"@id\":\"https:\\\/\\\/radiolitoral.com\\\/2024\\\/07\\\/el-ballet-de-kiev-arriba-a-lagost-a-lauditori-de-teulada-moraira-dins-del-seu-gira-solidaria\\\/#primaryimage\"},\"thumbnailUrl\":\"https:\\\/\\\/media.radiolitoral.com\\\/wp-content\\\/uploads\\\/2024\\\/07\\\/29111041\\\/ballet-de-kiev.jpeg\",\"datePublished\":\"2024-07-29T09:11:25+00:00\",\"dateModified\":\"2024-07-29T16:58:38+00:00\",\"description\":\"Representaci\u00f3 del Llac dels Cignes per a fer costat a la inf\u00e0ncia v\u00edctima de la guerra\",\"breadcrumb\":{\"@id\":\"https:\\\/\\\/radiolitoral.com\\\/2024\\\/07\\\/el-ballet-de-kiev-arriba-a-lagost-a-lauditori-de-teulada-moraira-dins-del-seu-gira-solidaria\\\/#breadcrumb\"},\"inLanguage\":\"ca\",\"potentialAction\":[{\"@type\":\"ReadAction\",\"target\":[\"https:\\\/\\\/radiolitoral.com\\\/2024\\\/07\\\/el-ballet-de-kiev-arriba-a-lagost-a-lauditori-de-teulada-moraira-dins-del-seu-gira-solidaria\\\/\"]}]},{\"@type\":\"ImageObject\",\"inLanguage\":\"ca\",\"@id\":\"https:\\\/\\\/radiolitoral.com\\\/2024\\\/07\\\/el-ballet-de-kiev-arriba-a-lagost-a-lauditori-de-teulada-moraira-dins-del-seu-gira-solidaria\\\/#primaryimage\",\"url\":\"https:\\\/\\\/media.radiolitoral.com\\\/wp-content\\\/uploads\\\/2024\\\/07\\\/29111041\\\/ballet-de-kiev.jpeg\",\"contentUrl\":\"https:\\\/\\\/media.radiolitoral.com\\\/wp-content\\\/uploads\\\/2024\\\/07\\\/29111041\\\/ballet-de-kiev.jpeg\",\"width\":1200,\"height\":800},{\"@type\":\"BreadcrumbList\",\"@id\":\"https:\\\/\\\/radiolitoral.com\\\/2024\\\/07\\\/el-ballet-de-kiev-arriba-a-lagost-a-lauditori-de-teulada-moraira-dins-del-seu-gira-solidaria\\\/#breadcrumb\",\"itemListElement\":[{\"@type\":\"ListItem\",\"position\":1,\"name\":\"Portada\",\"item\":\"https:\\\/\\\/radiolitoral.com\\\/\"},{\"@type\":\"ListItem\",\"position\":2,\"name\":\"El Ballet de Kiev arriba a l&#8217;agost a l&#8217;Auditori de Teulada Moraira dins de la seua gira solid\u00e0ria\"}]},{\"@type\":\"WebSite\",\"@id\":\"https:\\\/\\\/radiolitoral.com\\\/#website\",\"url\":\"https:\\\/\\\/radiolitoral.com\\\/\",\"name\":\"Radio Litoral\",\"description\":\"La radio local de la Marina Alta\",\"publisher\":{\"@id\":\"https:\\\/\\\/radiolitoral.com\\\/#organization\"},\"alternateName\":\"Litoral FM\",\"potentialAction\":[{\"@type\":\"SearchAction\",\"target\":{\"@type\":\"EntryPoint\",\"urlTemplate\":\"https:\\\/\\\/radiolitoral.com\\\/?s={search_term_string}\"},\"query-input\":{\"@type\":\"PropertyValueSpecification\",\"valueRequired\":true,\"valueName\":\"search_term_string\"}}],\"inLanguage\":\"ca\"},{\"@type\":\"Organization\",\"@id\":\"https:\\\/\\\/radiolitoral.com\\\/#organization\",\"name\":\"Radio Litoral\",\"url\":\"https:\\\/\\\/radiolitoral.com\\\/\",\"logo\":{\"@type\":\"ImageObject\",\"inLanguage\":\"ca\",\"@id\":\"https:\\\/\\\/radiolitoral.com\\\/#\\\/schema\\\/logo\\\/image\\\/\",\"url\":\"https:\\\/\\\/media.radiolitoral.com\\\/wp-content\\\/uploads\\\/2023\\\/02\\\/24143238\\\/CL-V-RadioLitoral696.png\",\"contentUrl\":\"https:\\\/\\\/media.radiolitoral.com\\\/wp-content\\\/uploads\\\/2023\\\/02\\\/24143238\\\/CL-V-RadioLitoral696.png\",\"width\":696,\"height\":696,\"caption\":\"Radio Litoral\"},\"image\":{\"@id\":\"https:\\\/\\\/radiolitoral.com\\\/#\\\/schema\\\/logo\\\/image\\\/\"},\"sameAs\":[\"https:\\\/\\\/www.facebook.com\\\/Laradiolitoral\\\/\"]},{\"@type\":\"Person\",\"@id\":\"https:\\\/\\\/radiolitoral.com\\\/#\\\/schema\\\/person\\\/f2b2343c49b5d721857cc1002bfdb151\",\"name\":\"Redacci\u00f3n\",\"image\":{\"@type\":\"ImageObject\",\"inLanguage\":\"ca\",\"@id\":\"https:\\\/\\\/secure.gravatar.com\\\/avatar\\\/f771d896c203ad8b3382d7905cfcce5a5c9b008b84b3cd9114e9b9f4cb63f789?s=96&d=mm&r=g\",\"url\":\"https:\\\/\\\/secure.gravatar.com\\\/avatar\\\/f771d896c203ad8b3382d7905cfcce5a5c9b008b84b3cd9114e9b9f4cb63f789?s=96&d=mm&r=g\",\"contentUrl\":\"https:\\\/\\\/secure.gravatar.com\\\/avatar\\\/f771d896c203ad8b3382d7905cfcce5a5c9b008b84b3cd9114e9b9f4cb63f789?s=96&d=mm&r=g\",\"caption\":\"Redacci\u00f3n\"},\"url\":\"https:\\\/\\\/radiolitoral.com\\\/ca\\\/author\\\/miriam-pagan\\\/\"}]}<\/script>\n<!-- \/ Yoast SEO plugin. -->","yoast_head_json":{"title":"El Ballet de K\u00edev arriba a l&#039;agost a l&#039;Auditori de Teulada Moraira dins de la gira solid\u00e0ria | R\u00e0dio Litoral","description":"Representaci\u00f3 del Llac dels Cisnes per donar costat a la inf\u00e0ncia v\u00edctima de la guerra","robots":{"index":"index","follow":"follow","max-snippet":"max-snippet:-1","max-image-preview":"max-image-preview:large","max-video-preview":"max-video-preview:-1"},"canonical":"https:\/\/radiolitoral.com\/ca\/2024\/07\/el-ballet-de-kiev-a-dalt-a-lagost-a-lauditori-de-teulada-moraira-dins-de-la-seva-gira-solidria\/","og_locale":"ca_ES","og_type":"article","og_title":"El Ballet de Kiev arriba a l'agost a l'Auditori de Teulada Moraira dins de la seua gira solid\u00e0ria | R\u00e0dio Litoral","og_description":"Representaci\u00f3 del Llac dels Cignes per a fer costat a la inf\u00e0ncia v\u00edctima de la guerra","og_url":"https:\/\/radiolitoral.com\/ca\/2024\/07\/el-ballet-de-kiev-a-dalt-a-lagost-a-lauditori-de-teulada-moraira-dins-de-la-seva-gira-solidria\/","og_site_name":"R\u00e0dio Litoral","article_publisher":"https:\/\/www.facebook.com\/Laradiolitoral\/","article_published_time":"2024-07-29T09:11:25+00:00","article_modified_time":"2024-07-29T16:58:38+00:00","og_image":[{"width":1200,"height":800,"url":"https:\/\/media.radiolitoral.com\/wp-content\/uploads\/2024\/07\/29111041\/ballet-de-kiev.jpeg","type":"image\/jpeg"}],"author":"Redacci\u00f3n","twitter_card":"summary_large_image","twitter_misc":{"Escrit per":"Redacci\u00f3n","Temps estimat de lectura":"2 minuts"},"schema":{"@context":"https:\/\/schema.org","@graph":[{"@type":"NewsArticle","@id":"https:\/\/radiolitoral.com\/2024\/07\/el-ballet-de-kiev-arriba-a-lagost-a-lauditori-de-teulada-moraira-dins-del-seu-gira-solidaria\/#article","isPartOf":{"@id":"https:\/\/radiolitoral.com\/2024\/07\/el-ballet-de-kiev-arriba-a-lagost-a-lauditori-de-teulada-moraira-dins-del-seu-gira-solidaria\/"},"author":{"name":"Redacci\u00f3n","@id":"https:\/\/radiolitoral.com\/#\/schema\/person\/f2b2343c49b5d721857cc1002bfdb151"},"headline":"El Ballet de Kiev arriba a l&#8217;agost a l&#8217;Auditori de Teulada Moraira dins de la seua gira solid\u00e0ria","datePublished":"2024-07-29T09:11:25+00:00","dateModified":"2024-07-29T16:58:38+00:00","mainEntityOfPage":{"@id":"https:\/\/radiolitoral.com\/2024\/07\/el-ballet-de-kiev-arriba-a-lagost-a-lauditori-de-teulada-moraira-dins-del-seu-gira-solidaria\/"},"wordCount":264,"commentCount":0,"publisher":{"@id":"https:\/\/radiolitoral.com\/#organization"},"image":{"@id":"https:\/\/radiolitoral.com\/2024\/07\/el-ballet-de-kiev-arriba-a-lagost-a-lauditori-de-teulada-moraira-dins-del-seu-gira-solidaria\/#primaryimage"},"thumbnailUrl":"https:\/\/media.radiolitoral.com\/wp-content\/uploads\/2024\/07\/29111041\/ballet-de-kiev.jpeg","keywords":["ballet","Ballet de Kiev","cultura","Teulada-Moraira"],"articleSection":["Cultura"],"inLanguage":"ca","potentialAction":[{"@type":"CommentAction","name":"Comment","target":["https:\/\/radiolitoral.com\/2024\/07\/el-ballet-de-kiev-arriba-a-lagost-a-lauditori-de-teulada-moraira-dins-del-seu-gira-solidaria\/#respond"]}]},{"@type":["WebPage","ItemPage"],"@id":"https:\/\/radiolitoral.com\/2024\/07\/el-ballet-de-kiev-arriba-a-lagost-a-lauditori-de-teulada-moraira-dins-del-seu-gira-solidaria\/","url":"https:\/\/radiolitoral.com\/2024\/07\/el-ballet-de-kiev-arriba-a-lagost-a-lauditori-de-teulada-moraira-dins-del-seu-gira-solidaria\/","name":"El Ballet de K\u00edev arriba a l&#039;agost a l&#039;Auditori de Teulada Moraira dins de la gira solid\u00e0ria | R\u00e0dio Litoral","isPartOf":{"@id":"https:\/\/radiolitoral.com\/#website"},"primaryImageOfPage":{"@id":"https:\/\/radiolitoral.com\/2024\/07\/el-ballet-de-kiev-arriba-a-lagost-a-lauditori-de-teulada-moraira-dins-del-seu-gira-solidaria\/#primaryimage"},"image":{"@id":"https:\/\/radiolitoral.com\/2024\/07\/el-ballet-de-kiev-arriba-a-lagost-a-lauditori-de-teulada-moraira-dins-del-seu-gira-solidaria\/#primaryimage"},"thumbnailUrl":"https:\/\/media.radiolitoral.com\/wp-content\/uploads\/2024\/07\/29111041\/ballet-de-kiev.jpeg","datePublished":"2024-07-29T09:11:25+00:00","dateModified":"2024-07-29T16:58:38+00:00","description":"Representaci\u00f3 del Llac dels Cisnes per donar costat a la inf\u00e0ncia v\u00edctima de la guerra","breadcrumb":{"@id":"https:\/\/radiolitoral.com\/2024\/07\/el-ballet-de-kiev-arriba-a-lagost-a-lauditori-de-teulada-moraira-dins-del-seu-gira-solidaria\/#breadcrumb"},"inLanguage":"ca","potentialAction":[{"@type":"ReadAction","target":["https:\/\/radiolitoral.com\/2024\/07\/el-ballet-de-kiev-arriba-a-lagost-a-lauditori-de-teulada-moraira-dins-del-seu-gira-solidaria\/"]}]},{"@type":"ImageObject","inLanguage":"ca","@id":"https:\/\/radiolitoral.com\/2024\/07\/el-ballet-de-kiev-arriba-a-lagost-a-lauditori-de-teulada-moraira-dins-del-seu-gira-solidaria\/#primaryimage","url":"https:\/\/media.radiolitoral.com\/wp-content\/uploads\/2024\/07\/29111041\/ballet-de-kiev.jpeg","contentUrl":"https:\/\/media.radiolitoral.com\/wp-content\/uploads\/2024\/07\/29111041\/ballet-de-kiev.jpeg","width":1200,"height":800},{"@type":"BreadcrumbList","@id":"https:\/\/radiolitoral.com\/2024\/07\/el-ballet-de-kiev-arriba-a-lagost-a-lauditori-de-teulada-moraira-dins-del-seu-gira-solidaria\/#breadcrumb","itemListElement":[{"@type":"ListItem","position":1,"name":"Portada","item":"https:\/\/radiolitoral.com\/"},{"@type":"ListItem","position":2,"name":"El Ballet de Kiev arriba a l&#8217;agost a l&#8217;Auditori de Teulada Moraira dins de la seua gira solid\u00e0ria"}]},{"@type":"WebSite","@id":"https:\/\/radiolitoral.com\/#website","url":"https:\/\/radiolitoral.com\/","name":"R\u00e0dio Litoral","description":"La r\u00e0dio local de la Marina Alta","publisher":{"@id":"https:\/\/radiolitoral.com\/#organization"},"alternateName":"Litoral FM","potentialAction":[{"@type":"SearchAction","target":{"@type":"EntryPoint","urlTemplate":"https:\/\/radiolitoral.com\/?s={search_term_string}"},"query-input":{"@type":"PropertyValueSpecification","valueRequired":true,"valueName":"search_term_string"}}],"inLanguage":"ca"},{"@type":"Organization","@id":"https:\/\/radiolitoral.com\/#organization","name":"R\u00e0dio Litoral","url":"https:\/\/radiolitoral.com\/","logo":{"@type":"ImageObject","inLanguage":"ca","@id":"https:\/\/radiolitoral.com\/#\/schema\/logo\/image\/","url":"https:\/\/media.radiolitoral.com\/wp-content\/uploads\/2023\/02\/24143238\/CL-V-RadioLitoral696.png","contentUrl":"https:\/\/media.radiolitoral.com\/wp-content\/uploads\/2023\/02\/24143238\/CL-V-RadioLitoral696.png","width":696,"height":696,"caption":"Radio Litoral"},"image":{"@id":"https:\/\/radiolitoral.com\/#\/schema\/logo\/image\/"},"sameAs":["https:\/\/www.facebook.com\/Laradiolitoral\/"]},{"@type":"Person","@id":"https:\/\/radiolitoral.com\/#\/schema\/person\/f2b2343c49b5d721857cc1002bfdb151","name":"Redacci\u00f3","image":{"@type":"ImageObject","inLanguage":"ca","@id":"https:\/\/secure.gravatar.com\/avatar\/f771d896c203ad8b3382d7905cfcce5a5c9b008b84b3cd9114e9b9f4cb63f789?s=96&d=mm&r=g","url":"https:\/\/secure.gravatar.com\/avatar\/f771d896c203ad8b3382d7905cfcce5a5c9b008b84b3cd9114e9b9f4cb63f789?s=96&d=mm&r=g","contentUrl":"https:\/\/secure.gravatar.com\/avatar\/f771d896c203ad8b3382d7905cfcce5a5c9b008b84b3cd9114e9b9f4cb63f789?s=96&d=mm&r=g","caption":"Redacci\u00f3n"},"url":"https:\/\/radiolitoral.com\/ca\/author\/miriam-pagan\/"}]}},"_links":{"self":[{"href":"https:\/\/radiolitoral.com\/ca\/wp-json\/wp\/v2\/posts\/10339","targetHints":{"allow":["GET"]}}],"collection":[{"href":"https:\/\/radiolitoral.com\/ca\/wp-json\/wp\/v2\/posts"}],"about":[{"href":"https:\/\/radiolitoral.com\/ca\/wp-json\/wp\/v2\/types\/post"}],"author":[{"embeddable":true,"href":"https:\/\/radiolitoral.com\/ca\/wp-json\/wp\/v2\/users\/13"}],"replies":[{"embeddable":true,"href":"https:\/\/radiolitoral.com\/ca\/wp-json\/wp\/v2\/comments?post=10339"}],"version-history":[{"count":4,"href":"https:\/\/radiolitoral.com\/ca\/wp-json\/wp\/v2\/posts\/10339\/revisions"}],"predecessor-version":[{"id":10376,"href":"https:\/\/radiolitoral.com\/ca\/wp-json\/wp\/v2\/posts\/10339\/revisions\/10376"}],"wp:featuredmedia":[{"embeddable":true,"href":"https:\/\/radiolitoral.com\/ca\/wp-json\/wp\/v2\/media\/10340"}],"wp:attachment":[{"href":"https:\/\/radiolitoral.com\/ca\/wp-json\/wp\/v2\/media?parent=10339"}],"wp:term":[{"taxonomy":"category","embeddable":true,"href":"https:\/\/radiolitoral.com\/ca\/wp-json\/wp\/v2\/categories?post=10339"},{"taxonomy":"post_tag","embeddable":true,"href":"https:\/\/radiolitoral.com\/ca\/wp-json\/wp\/v2\/tags?post=10339"}],"curies":[{"name":"wp","href":"https:\/\/api.w.org\/{rel}","templated":true}]}}