{"id":10281,"date":"2024-07-25T17:43:09","date_gmt":"2024-07-25T15:43:09","guid":{"rendered":"https:\/\/radiolitoral.com\/?p=10281"},"modified":"2024-07-25T18:40:14","modified_gmt":"2024-07-25T16:40:14","slug":"radio-calp-la-radio-de-la-ciutat-del-penyal-es-pot-escortar-a-la-106-8-fm","status":"publish","type":"post","link":"https:\/\/radiolitoral.com\/ca\/2024\/07\/radio-calp-la-radio-de-la-ciutat-del-penyal-es-pot-escoltar-en-la-106-8-fm\/","title":{"rendered":"R\u00e0dio Calp, la r\u00e0dio del Penyal, ja es pot escortar a la 106.8 FM"},"content":{"rendered":"<p>Avui comen\u00e7a una nova era a la comunicaci\u00f3 local amb el llan\u00e7ament de <strong>R\u00e0dio Calp<\/strong> a la freq\u00fc\u00e8ncia <strong>106.8 FM<\/strong>. Aquest projecte t\u00e9 com a objectiu mantenir informada i entretinguda la poblaci\u00f3 de Calp i el sud de la comarca, convertint-se <strong>a la r\u00e0dio del Penyal<\/strong> i connectant amb les seves profundes ra\u00efls mediterr\u00e0nies.<\/p>\n<p><strong>R\u00e0dio Calp<\/strong> vol arribar a ser el punt de trobada pels calpins, un lloc on podran con\u00e8ixer l&#039;actualitat d&#039;una manera propera i transparent.<\/p>\n<p>Des de bon mat\u00ed fins a la nit, els oients podran gaudir d&#039;una <strong>programaci\u00f3 musical variada<\/strong>, acompanyada per <strong>butlletins de not\u00edcies cada hora i dos informatius diaris<\/strong>, fent-se ress\u00f2 de l&#039;ess\u00e8ncia de Calp i el sud de la comarca.<\/p>\n<p>Desitgem molts \u00e8xits a <strong>R\u00e0dio Calp<\/strong>! Des d&#039;ara, <strong>a 106.8 FM<\/strong>: sintonitza-la ja!<\/p>","protected":false},"excerpt":{"rendered":"<p>Hui comen\u00e7a una nova era en la comunicaci\u00f3 local amb el llan\u00e7ament de R\u00e0dio Calp en la freq\u00fc\u00e8ncia 106.8 FM. Aquest projecte t\u00e9 com a objectiu mantenir informada i entretinguda la poblaci\u00f3 de Calp i el sud de la comarca, convertint-se en la r\u00e0dio del Penyal i connectant amb les seues profundes arrels mediterr\u00e0nies. R\u00e0dio [&#8230;]<\/p>\n<p><a class=\"btn btn-secondary understrap-read-more-link\" href=\"https:\/\/radiolitoral.com\/ca\/2024\/07\/radio-calp-la-radio-de-la-ciutat-del-penyal-es-pot-escoltar-en-la-106-8-fm\/\">Continua llegint&#8230;<span class=\"screen-reader-text\"> from R\u00e0dio Calp, la r\u00e0dio del Penyal, ja es pot escoltar en la 106.8 FM<\/span><\/a><\/p>\n","protected":false},"author":14,"featured_media":10282,"comment_status":"open","ping_status":"closed","sticky":false,"template":"","format":"standard","meta":{"_acf_changed":false,"inline_featured_image":false,"footnotes":""},"categories":[46],"tags":[1828,122,1452,1827],"class_list":["post-10281","post","type-post","status-publish","format-standard","has-post-thumbnail","hentry","category-sociedad","tag-106-8-fm","tag-calp","tag-radio","tag-radio-calp","cobertura-calp"],"acf":[],"yoast_head":"<!-- This site is optimized with the Yoast SEO plugin v27.5 - https:\/\/yoast.com\/product\/yoast-seo-wordpress\/ -->\n<title>R\u00e0dio Calp, la r\u00e0dio del Penyal, ja es pot escoltar en la 106.8 FM | R\u00e0dio Litoral<\/title>\n<meta name=\"description\" content=\"La nova emissora es llan\u00e7a amb la ferma convicci\u00f3 de convertir-se en l&#039;emissora preferida dels calpins i calpines\" \/>\n<meta name=\"robots\" content=\"index, follow, max-snippet:-1, max-image-preview:large, max-video-preview:-1\" \/>\n<link rel=\"canonical\" href=\"https:\/\/radiolitoral.com\/ca\/2024\/07\/radio-calp-la-radio-de-la-ciutat-del-penyal-es-pot-escortar-a-la-106-8-fm\/\" \/>\n<meta property=\"og:locale\" content=\"ca_ES\" \/>\n<meta property=\"og:type\" content=\"article\" \/>\n<meta property=\"og:title\" content=\"R\u00e0dio Calp, la r\u00e0dio del Penyal, ja es pot escoltar en la 106.8 FM | R\u00e0dio Litoral\" \/>\n<meta property=\"og:description\" content=\"La nova emissora es llan\u00e7a amb la ferma convicci\u00f3 de convertir-se en l&#039;emissora preferida dels calpins i calpines\" \/>\n<meta property=\"og:url\" content=\"https:\/\/radiolitoral.com\/ca\/2024\/07\/radio-calp-la-radio-de-la-ciutat-del-penyal-es-pot-escortar-a-la-106-8-fm\/\" \/>\n<meta property=\"og:site_name\" content=\"R\u00e0dio Litoral\" \/>\n<meta property=\"article:publisher\" content=\"https:\/\/www.facebook.com\/Laradiolitoral\/\" \/>\n<meta property=\"article:published_time\" content=\"2024-07-25T15:43:09+00:00\" \/>\n<meta property=\"article:modified_time\" content=\"2024-07-25T16:40:14+00:00\" \/>\n<meta property=\"og:image\" content=\"https:\/\/media.radiolitoral.com\/wp-content\/uploads\/2024\/07\/25174228\/logo-Radio-Calp-e1721922166747.jpeg\" \/>\n\t<meta property=\"og:image:width\" content=\"1232\" \/>\n\t<meta property=\"og:image:height\" content=\"900\" \/>\n\t<meta property=\"og:image:type\" content=\"image\/jpeg\" \/>\n<meta name=\"author\" content=\"Redacci\u00f3n\" \/>\n<meta name=\"twitter:card\" content=\"summary_large_image\" \/>\n<meta name=\"twitter:label1\" content=\"Escrit per\" \/>\n\t<meta name=\"twitter:data1\" content=\"Redacci\u00f3n\" \/>\n\t<meta name=\"twitter:label2\" content=\"Temps estimat de lectura\" \/>\n\t<meta name=\"twitter:data2\" content=\"1 minut\" \/>\n<script type=\"application\/ld+json\" class=\"yoast-schema-graph\">{\"@context\":\"https:\\\/\\\/schema.org\",\"@graph\":[{\"@type\":\"NewsArticle\",\"@id\":\"https:\\\/\\\/radiolitoral.com\\\/2024\\\/07\\\/radio-calp-la-radio-de-la-ciutat-del-penyal-es-pot-escoltar-en-la-106-8-fm\\\/#article\",\"isPartOf\":{\"@id\":\"https:\\\/\\\/radiolitoral.com\\\/2024\\\/07\\\/radio-calp-la-radio-de-la-ciutat-del-penyal-es-pot-escoltar-en-la-106-8-fm\\\/\"},\"author\":{\"name\":\"Redacci\u00f3n\",\"@id\":\"https:\\\/\\\/radiolitoral.com\\\/#\\\/schema\\\/person\\\/96b739642eb3bedb532aac3812d23307\"},\"headline\":\"R\u00e0dio Calp, la r\u00e0dio del Penyal, ja es pot escoltar en la 106.8 FM\",\"datePublished\":\"2024-07-25T15:43:09+00:00\",\"dateModified\":\"2024-07-25T16:40:14+00:00\",\"mainEntityOfPage\":{\"@id\":\"https:\\\/\\\/radiolitoral.com\\\/2024\\\/07\\\/radio-calp-la-radio-de-la-ciutat-del-penyal-es-pot-escoltar-en-la-106-8-fm\\\/\"},\"wordCount\":160,\"commentCount\":0,\"publisher\":{\"@id\":\"https:\\\/\\\/radiolitoral.com\\\/#organization\"},\"image\":{\"@id\":\"https:\\\/\\\/radiolitoral.com\\\/2024\\\/07\\\/radio-calp-la-radio-de-la-ciutat-del-penyal-es-pot-escoltar-en-la-106-8-fm\\\/#primaryimage\"},\"thumbnailUrl\":\"https:\\\/\\\/media.radiolitoral.com\\\/wp-content\\\/uploads\\\/2024\\\/07\\\/25174228\\\/logo-Radio-Calp-e1721922166747.jpeg\",\"keywords\":[\"106.8 FM\",\"Calp\",\"radio\",\"R\u00e0dio Calp\"],\"articleSection\":[\"Sociedad\"],\"inLanguage\":\"ca\",\"potentialAction\":[{\"@type\":\"CommentAction\",\"name\":\"Comment\",\"target\":[\"https:\\\/\\\/radiolitoral.com\\\/2024\\\/07\\\/radio-calp-la-radio-de-la-ciutat-del-penyal-es-pot-escoltar-en-la-106-8-fm\\\/#respond\"]}]},{\"@type\":[\"WebPage\",\"ItemPage\"],\"@id\":\"https:\\\/\\\/radiolitoral.com\\\/2024\\\/07\\\/radio-calp-la-radio-de-la-ciutat-del-penyal-es-pot-escoltar-en-la-106-8-fm\\\/\",\"url\":\"https:\\\/\\\/radiolitoral.com\\\/2024\\\/07\\\/radio-calp-la-radio-de-la-ciutat-del-penyal-es-pot-escoltar-en-la-106-8-fm\\\/\",\"name\":\"R\u00e0dio Calp, la r\u00e0dio del Penyal, ja es pot escoltar en la 106.8 FM | R\u00e0dio Litoral\",\"isPartOf\":{\"@id\":\"https:\\\/\\\/radiolitoral.com\\\/#website\"},\"primaryImageOfPage\":{\"@id\":\"https:\\\/\\\/radiolitoral.com\\\/2024\\\/07\\\/radio-calp-la-radio-de-la-ciutat-del-penyal-es-pot-escoltar-en-la-106-8-fm\\\/#primaryimage\"},\"image\":{\"@id\":\"https:\\\/\\\/radiolitoral.com\\\/2024\\\/07\\\/radio-calp-la-radio-de-la-ciutat-del-penyal-es-pot-escoltar-en-la-106-8-fm\\\/#primaryimage\"},\"thumbnailUrl\":\"https:\\\/\\\/media.radiolitoral.com\\\/wp-content\\\/uploads\\\/2024\\\/07\\\/25174228\\\/logo-Radio-Calp-e1721922166747.jpeg\",\"datePublished\":\"2024-07-25T15:43:09+00:00\",\"dateModified\":\"2024-07-25T16:40:14+00:00\",\"description\":\"La nova emissora es llan\u00e7a amb la ferma convicci\u00f3 de convertir-se en l'emissora preferida dels calpins i calpines\",\"breadcrumb\":{\"@id\":\"https:\\\/\\\/radiolitoral.com\\\/2024\\\/07\\\/radio-calp-la-radio-de-la-ciutat-del-penyal-es-pot-escoltar-en-la-106-8-fm\\\/#breadcrumb\"},\"inLanguage\":\"ca\",\"potentialAction\":[{\"@type\":\"ReadAction\",\"target\":[\"https:\\\/\\\/radiolitoral.com\\\/2024\\\/07\\\/radio-calp-la-radio-de-la-ciutat-del-penyal-es-pot-escoltar-en-la-106-8-fm\\\/\"]}]},{\"@type\":\"ImageObject\",\"inLanguage\":\"ca\",\"@id\":\"https:\\\/\\\/radiolitoral.com\\\/2024\\\/07\\\/radio-calp-la-radio-de-la-ciutat-del-penyal-es-pot-escoltar-en-la-106-8-fm\\\/#primaryimage\",\"url\":\"https:\\\/\\\/media.radiolitoral.com\\\/wp-content\\\/uploads\\\/2024\\\/07\\\/25174228\\\/logo-Radio-Calp-e1721922166747.jpeg\",\"contentUrl\":\"https:\\\/\\\/media.radiolitoral.com\\\/wp-content\\\/uploads\\\/2024\\\/07\\\/25174228\\\/logo-Radio-Calp-e1721922166747.jpeg\",\"width\":1232,\"height\":900},{\"@type\":\"BreadcrumbList\",\"@id\":\"https:\\\/\\\/radiolitoral.com\\\/2024\\\/07\\\/radio-calp-la-radio-de-la-ciutat-del-penyal-es-pot-escoltar-en-la-106-8-fm\\\/#breadcrumb\",\"itemListElement\":[{\"@type\":\"ListItem\",\"position\":1,\"name\":\"Portada\",\"item\":\"https:\\\/\\\/radiolitoral.com\\\/\"},{\"@type\":\"ListItem\",\"position\":2,\"name\":\"R\u00e0dio Calp, la r\u00e0dio del Penyal, ja es pot escoltar en la 106.8 FM\"}]},{\"@type\":\"WebSite\",\"@id\":\"https:\\\/\\\/radiolitoral.com\\\/#website\",\"url\":\"https:\\\/\\\/radiolitoral.com\\\/\",\"name\":\"Radio Litoral\",\"description\":\"La radio local de la Marina Alta\",\"publisher\":{\"@id\":\"https:\\\/\\\/radiolitoral.com\\\/#organization\"},\"alternateName\":\"Litoral FM\",\"potentialAction\":[{\"@type\":\"SearchAction\",\"target\":{\"@type\":\"EntryPoint\",\"urlTemplate\":\"https:\\\/\\\/radiolitoral.com\\\/?s={search_term_string}\"},\"query-input\":{\"@type\":\"PropertyValueSpecification\",\"valueRequired\":true,\"valueName\":\"search_term_string\"}}],\"inLanguage\":\"ca\"},{\"@type\":\"Organization\",\"@id\":\"https:\\\/\\\/radiolitoral.com\\\/#organization\",\"name\":\"Radio Litoral\",\"url\":\"https:\\\/\\\/radiolitoral.com\\\/\",\"logo\":{\"@type\":\"ImageObject\",\"inLanguage\":\"ca\",\"@id\":\"https:\\\/\\\/radiolitoral.com\\\/#\\\/schema\\\/logo\\\/image\\\/\",\"url\":\"https:\\\/\\\/media.radiolitoral.com\\\/wp-content\\\/uploads\\\/2023\\\/02\\\/24143238\\\/CL-V-RadioLitoral696.png\",\"contentUrl\":\"https:\\\/\\\/media.radiolitoral.com\\\/wp-content\\\/uploads\\\/2023\\\/02\\\/24143238\\\/CL-V-RadioLitoral696.png\",\"width\":696,\"height\":696,\"caption\":\"Radio Litoral\"},\"image\":{\"@id\":\"https:\\\/\\\/radiolitoral.com\\\/#\\\/schema\\\/logo\\\/image\\\/\"},\"sameAs\":[\"https:\\\/\\\/www.facebook.com\\\/Laradiolitoral\\\/\"]},{\"@type\":\"Person\",\"@id\":\"https:\\\/\\\/radiolitoral.com\\\/#\\\/schema\\\/person\\\/96b739642eb3bedb532aac3812d23307\",\"name\":\"Redacci\u00f3n\",\"image\":{\"@type\":\"ImageObject\",\"inLanguage\":\"ca\",\"@id\":\"https:\\\/\\\/secure.gravatar.com\\\/avatar\\\/30cd06129ee90411dd9c7cbdcf17464181d1a3c7b072e92070ea75a25cf0097e?s=96&d=mm&r=g\",\"url\":\"https:\\\/\\\/secure.gravatar.com\\\/avatar\\\/30cd06129ee90411dd9c7cbdcf17464181d1a3c7b072e92070ea75a25cf0097e?s=96&d=mm&r=g\",\"contentUrl\":\"https:\\\/\\\/secure.gravatar.com\\\/avatar\\\/30cd06129ee90411dd9c7cbdcf17464181d1a3c7b072e92070ea75a25cf0097e?s=96&d=mm&r=g\",\"caption\":\"Redacci\u00f3n\"},\"url\":\"https:\\\/\\\/radiolitoral.com\\\/ca\\\/author\\\/kevin-carrio\\\/\"}]}<\/script>\n<!-- \/ Yoast SEO plugin. -->","yoast_head_json":{"title":"R\u00e0dio Calp, la r\u00e0dio del Penyal, ja es pot escortar a la 106.8 FM | R\u00e0dio Litoral","description":"La nova emissora es llan\u00e7a amb la ferma convicci\u00f3 de convertir-se en l&#039;emissora preferida dels calpins i calpines","robots":{"index":"index","follow":"follow","max-snippet":"max-snippet:-1","max-image-preview":"max-image-preview:large","max-video-preview":"max-video-preview:-1"},"canonical":"https:\/\/radiolitoral.com\/ca\/2024\/07\/radio-calp-la-radio-de-la-ciutat-del-penyal-es-pot-escortar-a-la-106-8-fm\/","og_locale":"ca_ES","og_type":"article","og_title":"R\u00e0dio Calp, la r\u00e0dio del Penyal, ja es pot escoltar en la 106.8 FM | R\u00e0dio Litoral","og_description":"La nova emissora es llan\u00e7a amb la ferma convicci\u00f3 de convertir-se en l'emissora preferida dels calpins i calpines","og_url":"https:\/\/radiolitoral.com\/ca\/2024\/07\/radio-calp-la-radio-de-la-ciutat-del-penyal-es-pot-escortar-a-la-106-8-fm\/","og_site_name":"R\u00e0dio Litoral","article_publisher":"https:\/\/www.facebook.com\/Laradiolitoral\/","article_published_time":"2024-07-25T15:43:09+00:00","article_modified_time":"2024-07-25T16:40:14+00:00","og_image":[{"width":1232,"height":900,"url":"https:\/\/media.radiolitoral.com\/wp-content\/uploads\/2024\/07\/25174228\/logo-Radio-Calp-e1721922166747.jpeg","type":"image\/jpeg"}],"author":"Redacci\u00f3n","twitter_card":"summary_large_image","twitter_misc":{"Escrit per":"Redacci\u00f3n","Temps estimat de lectura":"1 minut"},"schema":{"@context":"https:\/\/schema.org","@graph":[{"@type":"NewsArticle","@id":"https:\/\/radiolitoral.com\/2024\/07\/radio-calp-la-radio-de-la-ciutat-del-penyal-es-pot-escoltar-en-la-106-8-fm\/#article","isPartOf":{"@id":"https:\/\/radiolitoral.com\/2024\/07\/radio-calp-la-radio-de-la-ciutat-del-penyal-es-pot-escoltar-en-la-106-8-fm\/"},"author":{"name":"Redacci\u00f3n","@id":"https:\/\/radiolitoral.com\/#\/schema\/person\/96b739642eb3bedb532aac3812d23307"},"headline":"R\u00e0dio Calp, la r\u00e0dio del Penyal, ja es pot escoltar en la 106.8 FM","datePublished":"2024-07-25T15:43:09+00:00","dateModified":"2024-07-25T16:40:14+00:00","mainEntityOfPage":{"@id":"https:\/\/radiolitoral.com\/2024\/07\/radio-calp-la-radio-de-la-ciutat-del-penyal-es-pot-escoltar-en-la-106-8-fm\/"},"wordCount":160,"commentCount":0,"publisher":{"@id":"https:\/\/radiolitoral.com\/#organization"},"image":{"@id":"https:\/\/radiolitoral.com\/2024\/07\/radio-calp-la-radio-de-la-ciutat-del-penyal-es-pot-escoltar-en-la-106-8-fm\/#primaryimage"},"thumbnailUrl":"https:\/\/media.radiolitoral.com\/wp-content\/uploads\/2024\/07\/25174228\/logo-Radio-Calp-e1721922166747.jpeg","keywords":["106.8 FM","Calp","radio","R\u00e0dio Calp"],"articleSection":["Sociedad"],"inLanguage":"ca","potentialAction":[{"@type":"CommentAction","name":"Comment","target":["https:\/\/radiolitoral.com\/2024\/07\/radio-calp-la-radio-de-la-ciutat-del-penyal-es-pot-escoltar-en-la-106-8-fm\/#respond"]}]},{"@type":["WebPage","ItemPage"],"@id":"https:\/\/radiolitoral.com\/2024\/07\/radio-calp-la-radio-de-la-ciutat-del-penyal-es-pot-escoltar-en-la-106-8-fm\/","url":"https:\/\/radiolitoral.com\/2024\/07\/radio-calp-la-radio-de-la-ciutat-del-penyal-es-pot-escoltar-en-la-106-8-fm\/","name":"R\u00e0dio Calp, la r\u00e0dio del Penyal, ja es pot escortar a la 106.8 FM | R\u00e0dio Litoral","isPartOf":{"@id":"https:\/\/radiolitoral.com\/#website"},"primaryImageOfPage":{"@id":"https:\/\/radiolitoral.com\/2024\/07\/radio-calp-la-radio-de-la-ciutat-del-penyal-es-pot-escoltar-en-la-106-8-fm\/#primaryimage"},"image":{"@id":"https:\/\/radiolitoral.com\/2024\/07\/radio-calp-la-radio-de-la-ciutat-del-penyal-es-pot-escoltar-en-la-106-8-fm\/#primaryimage"},"thumbnailUrl":"https:\/\/media.radiolitoral.com\/wp-content\/uploads\/2024\/07\/25174228\/logo-Radio-Calp-e1721922166747.jpeg","datePublished":"2024-07-25T15:43:09+00:00","dateModified":"2024-07-25T16:40:14+00:00","description":"La nova emissora es llan\u00e7a amb la ferma convicci\u00f3 de convertir-se en l&#039;emissora preferida dels calpins i calpines","breadcrumb":{"@id":"https:\/\/radiolitoral.com\/2024\/07\/radio-calp-la-radio-de-la-ciutat-del-penyal-es-pot-escoltar-en-la-106-8-fm\/#breadcrumb"},"inLanguage":"ca","potentialAction":[{"@type":"ReadAction","target":["https:\/\/radiolitoral.com\/2024\/07\/radio-calp-la-radio-de-la-ciutat-del-penyal-es-pot-escoltar-en-la-106-8-fm\/"]}]},{"@type":"ImageObject","inLanguage":"ca","@id":"https:\/\/radiolitoral.com\/2024\/07\/radio-calp-la-radio-de-la-ciutat-del-penyal-es-pot-escoltar-en-la-106-8-fm\/#primaryimage","url":"https:\/\/media.radiolitoral.com\/wp-content\/uploads\/2024\/07\/25174228\/logo-Radio-Calp-e1721922166747.jpeg","contentUrl":"https:\/\/media.radiolitoral.com\/wp-content\/uploads\/2024\/07\/25174228\/logo-Radio-Calp-e1721922166747.jpeg","width":1232,"height":900},{"@type":"BreadcrumbList","@id":"https:\/\/radiolitoral.com\/2024\/07\/radio-calp-la-radio-de-la-ciutat-del-penyal-es-pot-escoltar-en-la-106-8-fm\/#breadcrumb","itemListElement":[{"@type":"ListItem","position":1,"name":"Portada","item":"https:\/\/radiolitoral.com\/"},{"@type":"ListItem","position":2,"name":"R\u00e0dio Calp, la r\u00e0dio del Penyal, ja es pot escoltar en la 106.8 FM"}]},{"@type":"WebSite","@id":"https:\/\/radiolitoral.com\/#website","url":"https:\/\/radiolitoral.com\/","name":"R\u00e0dio Litoral","description":"La r\u00e0dio local de la Marina Alta","publisher":{"@id":"https:\/\/radiolitoral.com\/#organization"},"alternateName":"Litoral FM","potentialAction":[{"@type":"SearchAction","target":{"@type":"EntryPoint","urlTemplate":"https:\/\/radiolitoral.com\/?s={search_term_string}"},"query-input":{"@type":"PropertyValueSpecification","valueRequired":true,"valueName":"search_term_string"}}],"inLanguage":"ca"},{"@type":"Organization","@id":"https:\/\/radiolitoral.com\/#organization","name":"R\u00e0dio Litoral","url":"https:\/\/radiolitoral.com\/","logo":{"@type":"ImageObject","inLanguage":"ca","@id":"https:\/\/radiolitoral.com\/#\/schema\/logo\/image\/","url":"https:\/\/media.radiolitoral.com\/wp-content\/uploads\/2023\/02\/24143238\/CL-V-RadioLitoral696.png","contentUrl":"https:\/\/media.radiolitoral.com\/wp-content\/uploads\/2023\/02\/24143238\/CL-V-RadioLitoral696.png","width":696,"height":696,"caption":"Radio Litoral"},"image":{"@id":"https:\/\/radiolitoral.com\/#\/schema\/logo\/image\/"},"sameAs":["https:\/\/www.facebook.com\/Laradiolitoral\/"]},{"@type":"Person","@id":"https:\/\/radiolitoral.com\/#\/schema\/person\/96b739642eb3bedb532aac3812d23307","name":"Redacci\u00f3","image":{"@type":"ImageObject","inLanguage":"ca","@id":"https:\/\/secure.gravatar.com\/avatar\/30cd06129ee90411dd9c7cbdcf17464181d1a3c7b072e92070ea75a25cf0097e?s=96&d=mm&r=g","url":"https:\/\/secure.gravatar.com\/avatar\/30cd06129ee90411dd9c7cbdcf17464181d1a3c7b072e92070ea75a25cf0097e?s=96&d=mm&r=g","contentUrl":"https:\/\/secure.gravatar.com\/avatar\/30cd06129ee90411dd9c7cbdcf17464181d1a3c7b072e92070ea75a25cf0097e?s=96&d=mm&r=g","caption":"Redacci\u00f3n"},"url":"https:\/\/radiolitoral.com\/ca\/author\/kevin-carrio\/"}]}},"_links":{"self":[{"href":"https:\/\/radiolitoral.com\/ca\/wp-json\/wp\/v2\/posts\/10281","targetHints":{"allow":["GET"]}}],"collection":[{"href":"https:\/\/radiolitoral.com\/ca\/wp-json\/wp\/v2\/posts"}],"about":[{"href":"https:\/\/radiolitoral.com\/ca\/wp-json\/wp\/v2\/types\/post"}],"author":[{"embeddable":true,"href":"https:\/\/radiolitoral.com\/ca\/wp-json\/wp\/v2\/users\/14"}],"replies":[{"embeddable":true,"href":"https:\/\/radiolitoral.com\/ca\/wp-json\/wp\/v2\/comments?post=10281"}],"version-history":[{"count":7,"href":"https:\/\/radiolitoral.com\/ca\/wp-json\/wp\/v2\/posts\/10281\/revisions"}],"predecessor-version":[{"id":10290,"href":"https:\/\/radiolitoral.com\/ca\/wp-json\/wp\/v2\/posts\/10281\/revisions\/10290"}],"wp:featuredmedia":[{"embeddable":true,"href":"https:\/\/radiolitoral.com\/ca\/wp-json\/wp\/v2\/media\/10282"}],"wp:attachment":[{"href":"https:\/\/radiolitoral.com\/ca\/wp-json\/wp\/v2\/media?parent=10281"}],"wp:term":[{"taxonomy":"category","embeddable":true,"href":"https:\/\/radiolitoral.com\/ca\/wp-json\/wp\/v2\/categories?post=10281"},{"taxonomy":"post_tag","embeddable":true,"href":"https:\/\/radiolitoral.com\/ca\/wp-json\/wp\/v2\/tags?post=10281"}],"curies":[{"name":"wp","href":"https:\/\/api.w.org\/{rel}","templated":true}]}}