{"id":10269,"date":"2024-07-26T11:16:05","date_gmt":"2024-07-26T09:16:05","guid":{"rendered":"https:\/\/radiolitoral.com\/?p=10269"},"modified":"2024-07-26T11:16:05","modified_gmt":"2024-07-26T09:16:05","slug":"triana-ruano-del-cg-les-marines-campiona-despanya","status":"publish","type":"post","link":"https:\/\/radiolitoral.com\/ca\/2024\/07\/triana-ruano-del-cg-les-marines-campiona-despanya\/","title":{"rendered":"Triana Ruano del CG Les Marines Campiona d&#039;Espanya"},"content":{"rendered":"<p>Saragossa va ser l&#039;escenari del <strong>Campionat d&#039;Espanya per Equips<\/strong>, on els gimnastes del <strong>Club Gimn\u00e0stica Les Marines<\/strong> van destacar amb actuacions memorables. <strong>Triana\u00a0<span class=\"hiddenSpellError\">Ruano<\/span><\/strong>, juntament amb <strong>Lola Rodr\u00edguez<\/strong> del <strong>Club Chamara<\/strong>, es van al\u00e7ar com a <strong>Campions d&#039;Espanya per equips<\/strong> i Triana a m\u00e9s es va coronar <strong>Campiona d&#039;Espanya a mans lliures<\/strong>.<\/p>\n<p><strong><span class=\"hiddenSpellError\">Yeva<\/span>\u00a0<span class=\"hiddenSpellError\">Taranenko<\/span><\/strong>\u00a0i Triana\u00a0<span class=\"hiddenSpellError\">Ruano<\/span> van representar el CG Les Marines en aquesta important competici\u00f3. L&#039;alev\u00ed <span class=\"hiddenSpellError\">Yeva<\/span>\u00a0<span class=\"hiddenSpellError\">Taranenko<\/span>, va competir en la modalitat de maces per a l&#039;equip del <strong>Club\u00a0<span class=\"hiddenSpellError\">Batistana<\/span><\/strong>\u00a0de Tenerife. Encara que\u00a0<span class=\"hiddenSpellError\">Yeva<\/span>\u00a0no va tindre el seu millor acompliment, el seu equip va aconseguir posicionar-se com a noven d&#039;Espanya, quedant molt prop d&#039;accedir a les finals i destacant-se entre els 10 millors equips del pa\u00eds.<\/p>\n<p>Per part seva, Triana\u00a0<span class=\"hiddenSpellError\">Ruano<\/span>\u00a0va fer l&#039;exercici de mans lliures per a l&#039;equip benjam\u00ed, al costat de Lola Rodr\u00edguez del Club Chamara. Amb una execuci\u00f3 impecable, Triana es proclama Campiona d&#039;Espanya en su modalitat. Mentre esperaven l&#039;actuaci\u00f3 de la seva companya, l&#039;equip es trobava a la segona posici\u00f3, a menys de mig punt de l&#039;or.<\/p>\n<p>Lola Rodr\u00edguez no va defraudar i va fer un exercici de corda perfecte, la qual cosa li valdr\u00e0 tamb\u00e9 per ser Campiona d&#039;Espanya. La suma de les dues actuacions va portar l&#039;equip pel cap alt del podi, coronant-se com a campions d&#039;Espanya a la categoria benjam\u00ed.<\/p>\n<p>El jove equip va enfrontar les seves primeres finals amb determinaci\u00f3. Triana va tornar al tap\u00eds per defensar el seu exercici una darrera vegada i va realitzar una presentaci\u00f3 excel\u00b7lent, la qual cosa li va assegurar el segon lloc a les finals. Per part seva, Rodr\u00edguez tamb\u00e9 va brillar amb el seu exercici de corda, emportant-se la plata. Aix\u00ed, les joves gimnastes es van proclamar subcampions d&#039;Espanya a les finals.<\/p>\n<p>Aquest assoliment representa la quinta vegada que una gimnasta del Club Les Marines \u00e9s proclama Campiona d&#039;Espanya a Equip\u00a0<span class=\"hiddenSpellError\">Benjam\u00ed<\/span>, una fita hist\u00f2rica per a l&#039;entitat. El club es mostra molt orgull\u00f3s dels resultats obtinguts a l&#039;\u00faltim nacional de la temporada i agradeix a tots els clubs amb els quals han col\u00b7laborat, aix\u00ed com a l&#039;equip t\u00e8cnic per la seva gran feina i dedicaci\u00f3.<\/p>\n<p>La destacada actuaci\u00f3 de Triana\u00a0<span class=\"hiddenSpellError\">Ruano<\/span>\u00a0i\u00a0<span class=\"hiddenSpellError\">Yeva<\/span>\u00a0<span class=\"hiddenSpellError\">Taranenko<\/span>\u00a0reflectix l&#039;esfor\u00e7 i la qualitat del treball realitzat a\u00a0<span class=\"hiddenGrammarError\">Els Marines<\/span>, augurant un futur brillant per a aquests joves promesos de la gimn\u00e0stica espanyola.<\/p>","protected":false},"excerpt":{"rendered":"<p>Zaragoza\u00a0va ser l&#8217;escenari del Campionat d&#8217;Espanya per Equips, on les gimnastes del Club Gimnasia Les Marines van destacar amb actuacions memorables. Triana\u00a0Ruano, juntament amb Lola Rodr\u00edguez del Club Chamara, es van al\u00e7ar com a Campiones d&#8217;Espanya per equips i Triana a m\u00e9s es va coronar Campiona d&#8217;Espanya en mans lliures. Yeva\u00a0Taranenko\u00a0i Triana\u00a0Ruano van representar al [&#8230;]<\/p>\n<p><a class=\"btn btn-secondary understrap-read-more-link\" href=\"https:\/\/radiolitoral.com\/ca\/2024\/07\/triana-ruano-del-cg-les-marines-campiona-despanya\/\">Continua llegint&#8230;<span class=\"screen-reader-text\"> from Triana Ruano del CG Les Marines Campiona d&#8217;Espanya<\/span><\/a><\/p>\n","protected":false},"author":12,"featured_media":10270,"comment_status":"open","ping_status":"closed","sticky":false,"template":"","format":"standard","meta":{"_acf_changed":false,"inline_featured_image":false,"footnotes":""},"categories":[5],"tags":[992,6,1411,879,1412],"class_list":["post-10269","post","type-post","status-publish","format-standard","has-post-thumbnail","hentry","category-deportes","tag-club-gimnasia-les-marines","tag-deportes","tag-lola-rodriguez","tag-triana-ruano","tag-yeva-taranenko","cobertura-calp"],"acf":[],"yoast_head":"<!-- This site is optimized with the Yoast SEO plugin v27.5 - https:\/\/yoast.com\/product\/yoast-seo-wordpress\/ -->\n<title>Triana Ruano del CG Les Marines Campiona d&#039;Espanya | R\u00e0dio Litoral<\/title>\n<meta name=\"description\" content=\"Ruano es va proclamar campiona d&#039;Espanya per equips i en mans lliures en la categoria Benjam\u00edn Ruano es va proclamar campiona d&#039;Espanya per equips i en mans lliures en la categoria Benjam\u00edn\" \/>\n<meta name=\"robots\" content=\"index, follow, max-snippet:-1, max-image-preview:large, max-video-preview:-1\" \/>\n<link rel=\"canonical\" href=\"https:\/\/radiolitoral.com\/ca\/2024\/07\/triana-ruano-del-cg-les-marines-campiona-despanya\/\" \/>\n<meta property=\"og:locale\" content=\"ca_ES\" \/>\n<meta property=\"og:type\" content=\"article\" \/>\n<meta property=\"og:title\" content=\"Triana Ruano del CG Les Marines Campiona d&#039;Espanya | R\u00e0dio Litoral\" \/>\n<meta property=\"og:description\" content=\"Ruano es va proclamar campiona d&#039;Espanya per equips i en mans lliures en la categoria Benjam\u00edn Ruano es va proclamar campiona d&#039;Espanya per equips i en mans lliures en la categoria Benjam\u00edn\" \/>\n<meta property=\"og:url\" content=\"https:\/\/radiolitoral.com\/ca\/2024\/07\/triana-ruano-del-cg-les-marines-campiona-despanya\/\" \/>\n<meta property=\"og:site_name\" content=\"R\u00e0dio Litoral\" \/>\n<meta property=\"article:publisher\" content=\"https:\/\/www.facebook.com\/Laradiolitoral\/\" \/>\n<meta property=\"article:published_time\" content=\"2024-07-26T09:16:05+00:00\" \/>\n<meta property=\"og:image\" content=\"https:\/\/media.radiolitoral.com\/wp-content\/uploads\/2024\/07\/25122631\/Triana-Ruano-con-sus-trofeos.jpg\" \/>\n\t<meta property=\"og:image:width\" content=\"1484\" \/>\n\t<meta property=\"og:image:height\" content=\"921\" \/>\n\t<meta property=\"og:image:type\" content=\"image\/jpeg\" \/>\n<meta name=\"author\" content=\"Javier Zamora\" \/>\n<meta name=\"twitter:card\" content=\"summary_large_image\" \/>\n<meta name=\"twitter:label1\" content=\"Escrit per\" \/>\n\t<meta name=\"twitter:data1\" content=\"Javier Zamora\" \/>\n\t<meta name=\"twitter:label2\" content=\"Temps estimat de lectura\" \/>\n\t<meta name=\"twitter:data2\" content=\"3 minuts\" \/>\n<script type=\"application\/ld+json\" class=\"yoast-schema-graph\">{\"@context\":\"https:\\\/\\\/schema.org\",\"@graph\":[{\"@type\":\"NewsArticle\",\"@id\":\"https:\\\/\\\/radiolitoral.com\\\/2024\\\/07\\\/triana-ruano-del-cg-les-marines-campiona-despanya\\\/#article\",\"isPartOf\":{\"@id\":\"https:\\\/\\\/radiolitoral.com\\\/2024\\\/07\\\/triana-ruano-del-cg-les-marines-campiona-despanya\\\/\"},\"author\":{\"name\":\"Javier Zamora\",\"@id\":\"https:\\\/\\\/radiolitoral.com\\\/#\\\/schema\\\/person\\\/7b1480b5caeb5acdd4ec6379caf62b22\"},\"headline\":\"Triana Ruano del CG Les Marines Campiona d&#8217;Espanya\",\"datePublished\":\"2024-07-26T09:16:05+00:00\",\"mainEntityOfPage\":{\"@id\":\"https:\\\/\\\/radiolitoral.com\\\/2024\\\/07\\\/triana-ruano-del-cg-les-marines-campiona-despanya\\\/\"},\"wordCount\":443,\"commentCount\":0,\"publisher\":{\"@id\":\"https:\\\/\\\/radiolitoral.com\\\/#organization\"},\"image\":{\"@id\":\"https:\\\/\\\/radiolitoral.com\\\/2024\\\/07\\\/triana-ruano-del-cg-les-marines-campiona-despanya\\\/#primaryimage\"},\"thumbnailUrl\":\"https:\\\/\\\/media.radiolitoral.com\\\/wp-content\\\/uploads\\\/2024\\\/07\\\/25122631\\\/Triana-Ruano-con-sus-trofeos.jpg\",\"keywords\":[\"Club Gimnasia Les Marines\",\"deportes\",\"Lola Rodr\u00edguez\",\"Triana Ruano\",\"Yeva Taranenko\"],\"articleSection\":[\"Deportes\"],\"inLanguage\":\"ca\",\"potentialAction\":[{\"@type\":\"CommentAction\",\"name\":\"Comment\",\"target\":[\"https:\\\/\\\/radiolitoral.com\\\/2024\\\/07\\\/triana-ruano-del-cg-les-marines-campiona-despanya\\\/#respond\"]}]},{\"@type\":[\"WebPage\",\"ItemPage\"],\"@id\":\"https:\\\/\\\/radiolitoral.com\\\/2024\\\/07\\\/triana-ruano-del-cg-les-marines-campiona-despanya\\\/\",\"url\":\"https:\\\/\\\/radiolitoral.com\\\/2024\\\/07\\\/triana-ruano-del-cg-les-marines-campiona-despanya\\\/\",\"name\":\"Triana Ruano del CG Les Marines Campiona d'Espanya | R\u00e0dio Litoral\",\"isPartOf\":{\"@id\":\"https:\\\/\\\/radiolitoral.com\\\/#website\"},\"primaryImageOfPage\":{\"@id\":\"https:\\\/\\\/radiolitoral.com\\\/2024\\\/07\\\/triana-ruano-del-cg-les-marines-campiona-despanya\\\/#primaryimage\"},\"image\":{\"@id\":\"https:\\\/\\\/radiolitoral.com\\\/2024\\\/07\\\/triana-ruano-del-cg-les-marines-campiona-despanya\\\/#primaryimage\"},\"thumbnailUrl\":\"https:\\\/\\\/media.radiolitoral.com\\\/wp-content\\\/uploads\\\/2024\\\/07\\\/25122631\\\/Triana-Ruano-con-sus-trofeos.jpg\",\"datePublished\":\"2024-07-26T09:16:05+00:00\",\"description\":\"Ruano es va proclamar campiona d'Espanya per equips i en mans lliures en la categoria Benjam\u00edn Ruano es va proclamar campiona d'Espanya per equips i en mans lliures en la categoria Benjam\u00edn\",\"breadcrumb\":{\"@id\":\"https:\\\/\\\/radiolitoral.com\\\/2024\\\/07\\\/triana-ruano-del-cg-les-marines-campiona-despanya\\\/#breadcrumb\"},\"inLanguage\":\"ca\",\"potentialAction\":[{\"@type\":\"ReadAction\",\"target\":[\"https:\\\/\\\/radiolitoral.com\\\/2024\\\/07\\\/triana-ruano-del-cg-les-marines-campiona-despanya\\\/\"]}]},{\"@type\":\"ImageObject\",\"inLanguage\":\"ca\",\"@id\":\"https:\\\/\\\/radiolitoral.com\\\/2024\\\/07\\\/triana-ruano-del-cg-les-marines-campiona-despanya\\\/#primaryimage\",\"url\":\"https:\\\/\\\/media.radiolitoral.com\\\/wp-content\\\/uploads\\\/2024\\\/07\\\/25122631\\\/Triana-Ruano-con-sus-trofeos.jpg\",\"contentUrl\":\"https:\\\/\\\/media.radiolitoral.com\\\/wp-content\\\/uploads\\\/2024\\\/07\\\/25122631\\\/Triana-Ruano-con-sus-trofeos.jpg\",\"width\":1484,\"height\":921},{\"@type\":\"BreadcrumbList\",\"@id\":\"https:\\\/\\\/radiolitoral.com\\\/2024\\\/07\\\/triana-ruano-del-cg-les-marines-campiona-despanya\\\/#breadcrumb\",\"itemListElement\":[{\"@type\":\"ListItem\",\"position\":1,\"name\":\"Portada\",\"item\":\"https:\\\/\\\/radiolitoral.com\\\/\"},{\"@type\":\"ListItem\",\"position\":2,\"name\":\"Triana Ruano del CG Les Marines Campiona d&#8217;Espanya\"}]},{\"@type\":\"WebSite\",\"@id\":\"https:\\\/\\\/radiolitoral.com\\\/#website\",\"url\":\"https:\\\/\\\/radiolitoral.com\\\/\",\"name\":\"Radio Litoral\",\"description\":\"La radio local de la Marina Alta\",\"publisher\":{\"@id\":\"https:\\\/\\\/radiolitoral.com\\\/#organization\"},\"alternateName\":\"Litoral FM\",\"potentialAction\":[{\"@type\":\"SearchAction\",\"target\":{\"@type\":\"EntryPoint\",\"urlTemplate\":\"https:\\\/\\\/radiolitoral.com\\\/?s={search_term_string}\"},\"query-input\":{\"@type\":\"PropertyValueSpecification\",\"valueRequired\":true,\"valueName\":\"search_term_string\"}}],\"inLanguage\":\"ca\"},{\"@type\":\"Organization\",\"@id\":\"https:\\\/\\\/radiolitoral.com\\\/#organization\",\"name\":\"Radio Litoral\",\"url\":\"https:\\\/\\\/radiolitoral.com\\\/\",\"logo\":{\"@type\":\"ImageObject\",\"inLanguage\":\"ca\",\"@id\":\"https:\\\/\\\/radiolitoral.com\\\/#\\\/schema\\\/logo\\\/image\\\/\",\"url\":\"https:\\\/\\\/media.radiolitoral.com\\\/wp-content\\\/uploads\\\/2023\\\/02\\\/24143238\\\/CL-V-RadioLitoral696.png\",\"contentUrl\":\"https:\\\/\\\/media.radiolitoral.com\\\/wp-content\\\/uploads\\\/2023\\\/02\\\/24143238\\\/CL-V-RadioLitoral696.png\",\"width\":696,\"height\":696,\"caption\":\"Radio Litoral\"},\"image\":{\"@id\":\"https:\\\/\\\/radiolitoral.com\\\/#\\\/schema\\\/logo\\\/image\\\/\"},\"sameAs\":[\"https:\\\/\\\/www.facebook.com\\\/Laradiolitoral\\\/\"]},{\"@type\":\"Person\",\"@id\":\"https:\\\/\\\/radiolitoral.com\\\/#\\\/schema\\\/person\\\/7b1480b5caeb5acdd4ec6379caf62b22\",\"name\":\"Javier Zamora\",\"image\":{\"@type\":\"ImageObject\",\"inLanguage\":\"ca\",\"@id\":\"https:\\\/\\\/secure.gravatar.com\\\/avatar\\\/467a11f6918c7d619c4043fc6fa2d3853053107973f05b6e9c04ea6c4e3a7b3f?s=96&d=mm&r=g\",\"url\":\"https:\\\/\\\/secure.gravatar.com\\\/avatar\\\/467a11f6918c7d619c4043fc6fa2d3853053107973f05b6e9c04ea6c4e3a7b3f?s=96&d=mm&r=g\",\"contentUrl\":\"https:\\\/\\\/secure.gravatar.com\\\/avatar\\\/467a11f6918c7d619c4043fc6fa2d3853053107973f05b6e9c04ea6c4e3a7b3f?s=96&d=mm&r=g\",\"caption\":\"Javier Zamora\"},\"url\":\"https:\\\/\\\/radiolitoral.com\\\/ca\\\/author\\\/javier-zamora\\\/\"}]}<\/script>\n<!-- \/ Yoast SEO plugin. -->","yoast_head_json":{"title":"Triana Ruano del CG Les Marines Campiona d&#039;Espanya | R\u00e0dio Litoral","description":"Ruano es proclama campiona d&#039;Espanya per equips i mans lliures a la categoria Benjam\u00ed Ruano es proclama campiona d&#039;Espanya per equips i mans lliures a la categoria Benjam\u00ed","robots":{"index":"index","follow":"follow","max-snippet":"max-snippet:-1","max-image-preview":"max-image-preview:large","max-video-preview":"max-video-preview:-1"},"canonical":"https:\/\/radiolitoral.com\/ca\/2024\/07\/triana-ruano-del-cg-les-marines-campiona-despanya\/","og_locale":"ca_ES","og_type":"article","og_title":"Triana Ruano del CG Les Marines Campiona d'Espanya | R\u00e0dio Litoral","og_description":"Ruano es va proclamar campiona d'Espanya per equips i en mans lliures en la categoria Benjam\u00edn Ruano es va proclamar campiona d'Espanya per equips i en mans lliures en la categoria Benjam\u00edn","og_url":"https:\/\/radiolitoral.com\/ca\/2024\/07\/triana-ruano-del-cg-les-marines-campiona-despanya\/","og_site_name":"R\u00e0dio Litoral","article_publisher":"https:\/\/www.facebook.com\/Laradiolitoral\/","article_published_time":"2024-07-26T09:16:05+00:00","og_image":[{"width":1484,"height":921,"url":"https:\/\/media.radiolitoral.com\/wp-content\/uploads\/2024\/07\/25122631\/Triana-Ruano-con-sus-trofeos.jpg","type":"image\/jpeg"}],"author":"Javier Zamora","twitter_card":"summary_large_image","twitter_misc":{"Escrit per":"Javier Zamora","Temps estimat de lectura":"3 minuts"},"schema":{"@context":"https:\/\/schema.org","@graph":[{"@type":"NewsArticle","@id":"https:\/\/radiolitoral.com\/2024\/07\/triana-ruano-del-cg-les-marines-campiona-despanya\/#article","isPartOf":{"@id":"https:\/\/radiolitoral.com\/2024\/07\/triana-ruano-del-cg-les-marines-campiona-despanya\/"},"author":{"name":"Javier Zamora","@id":"https:\/\/radiolitoral.com\/#\/schema\/person\/7b1480b5caeb5acdd4ec6379caf62b22"},"headline":"Triana Ruano del CG Les Marines Campiona d&#8217;Espanya","datePublished":"2024-07-26T09:16:05+00:00","mainEntityOfPage":{"@id":"https:\/\/radiolitoral.com\/2024\/07\/triana-ruano-del-cg-les-marines-campiona-despanya\/"},"wordCount":443,"commentCount":0,"publisher":{"@id":"https:\/\/radiolitoral.com\/#organization"},"image":{"@id":"https:\/\/radiolitoral.com\/2024\/07\/triana-ruano-del-cg-les-marines-campiona-despanya\/#primaryimage"},"thumbnailUrl":"https:\/\/media.radiolitoral.com\/wp-content\/uploads\/2024\/07\/25122631\/Triana-Ruano-con-sus-trofeos.jpg","keywords":["Club Gimnasia Les Marines","deportes","Lola Rodr\u00edguez","Triana Ruano","Yeva Taranenko"],"articleSection":["Deportes"],"inLanguage":"ca","potentialAction":[{"@type":"CommentAction","name":"Comment","target":["https:\/\/radiolitoral.com\/2024\/07\/triana-ruano-del-cg-les-marines-campiona-despanya\/#respond"]}]},{"@type":["WebPage","ItemPage"],"@id":"https:\/\/radiolitoral.com\/2024\/07\/triana-ruano-del-cg-les-marines-campiona-despanya\/","url":"https:\/\/radiolitoral.com\/2024\/07\/triana-ruano-del-cg-les-marines-campiona-despanya\/","name":"Triana Ruano del CG Les Marines Campiona d&#039;Espanya | R\u00e0dio Litoral","isPartOf":{"@id":"https:\/\/radiolitoral.com\/#website"},"primaryImageOfPage":{"@id":"https:\/\/radiolitoral.com\/2024\/07\/triana-ruano-del-cg-les-marines-campiona-despanya\/#primaryimage"},"image":{"@id":"https:\/\/radiolitoral.com\/2024\/07\/triana-ruano-del-cg-les-marines-campiona-despanya\/#primaryimage"},"thumbnailUrl":"https:\/\/media.radiolitoral.com\/wp-content\/uploads\/2024\/07\/25122631\/Triana-Ruano-con-sus-trofeos.jpg","datePublished":"2024-07-26T09:16:05+00:00","description":"Ruano es proclama campiona d&#039;Espanya per equips i mans lliures a la categoria Benjam\u00ed Ruano es proclama campiona d&#039;Espanya per equips i mans lliures a la categoria Benjam\u00ed","breadcrumb":{"@id":"https:\/\/radiolitoral.com\/2024\/07\/triana-ruano-del-cg-les-marines-campiona-despanya\/#breadcrumb"},"inLanguage":"ca","potentialAction":[{"@type":"ReadAction","target":["https:\/\/radiolitoral.com\/2024\/07\/triana-ruano-del-cg-les-marines-campiona-despanya\/"]}]},{"@type":"ImageObject","inLanguage":"ca","@id":"https:\/\/radiolitoral.com\/2024\/07\/triana-ruano-del-cg-les-marines-campiona-despanya\/#primaryimage","url":"https:\/\/media.radiolitoral.com\/wp-content\/uploads\/2024\/07\/25122631\/Triana-Ruano-con-sus-trofeos.jpg","contentUrl":"https:\/\/media.radiolitoral.com\/wp-content\/uploads\/2024\/07\/25122631\/Triana-Ruano-con-sus-trofeos.jpg","width":1484,"height":921},{"@type":"BreadcrumbList","@id":"https:\/\/radiolitoral.com\/2024\/07\/triana-ruano-del-cg-les-marines-campiona-despanya\/#breadcrumb","itemListElement":[{"@type":"ListItem","position":1,"name":"Portada","item":"https:\/\/radiolitoral.com\/"},{"@type":"ListItem","position":2,"name":"Triana Ruano del CG Les Marines Campiona d&#8217;Espanya"}]},{"@type":"WebSite","@id":"https:\/\/radiolitoral.com\/#website","url":"https:\/\/radiolitoral.com\/","name":"R\u00e0dio Litoral","description":"La r\u00e0dio local de la Marina Alta","publisher":{"@id":"https:\/\/radiolitoral.com\/#organization"},"alternateName":"Litoral FM","potentialAction":[{"@type":"SearchAction","target":{"@type":"EntryPoint","urlTemplate":"https:\/\/radiolitoral.com\/?s={search_term_string}"},"query-input":{"@type":"PropertyValueSpecification","valueRequired":true,"valueName":"search_term_string"}}],"inLanguage":"ca"},{"@type":"Organization","@id":"https:\/\/radiolitoral.com\/#organization","name":"R\u00e0dio Litoral","url":"https:\/\/radiolitoral.com\/","logo":{"@type":"ImageObject","inLanguage":"ca","@id":"https:\/\/radiolitoral.com\/#\/schema\/logo\/image\/","url":"https:\/\/media.radiolitoral.com\/wp-content\/uploads\/2023\/02\/24143238\/CL-V-RadioLitoral696.png","contentUrl":"https:\/\/media.radiolitoral.com\/wp-content\/uploads\/2023\/02\/24143238\/CL-V-RadioLitoral696.png","width":696,"height":696,"caption":"Radio Litoral"},"image":{"@id":"https:\/\/radiolitoral.com\/#\/schema\/logo\/image\/"},"sameAs":["https:\/\/www.facebook.com\/Laradiolitoral\/"]},{"@type":"Person","@id":"https:\/\/radiolitoral.com\/#\/schema\/person\/7b1480b5caeb5acdd4ec6379caf62b22","name":"Javier Zamora","image":{"@type":"ImageObject","inLanguage":"ca","@id":"https:\/\/secure.gravatar.com\/avatar\/467a11f6918c7d619c4043fc6fa2d3853053107973f05b6e9c04ea6c4e3a7b3f?s=96&d=mm&r=g","url":"https:\/\/secure.gravatar.com\/avatar\/467a11f6918c7d619c4043fc6fa2d3853053107973f05b6e9c04ea6c4e3a7b3f?s=96&d=mm&r=g","contentUrl":"https:\/\/secure.gravatar.com\/avatar\/467a11f6918c7d619c4043fc6fa2d3853053107973f05b6e9c04ea6c4e3a7b3f?s=96&d=mm&r=g","caption":"Javier Zamora"},"url":"https:\/\/radiolitoral.com\/ca\/author\/javier-zamora\/"}]}},"_links":{"self":[{"href":"https:\/\/radiolitoral.com\/ca\/wp-json\/wp\/v2\/posts\/10269","targetHints":{"allow":["GET"]}}],"collection":[{"href":"https:\/\/radiolitoral.com\/ca\/wp-json\/wp\/v2\/posts"}],"about":[{"href":"https:\/\/radiolitoral.com\/ca\/wp-json\/wp\/v2\/types\/post"}],"author":[{"embeddable":true,"href":"https:\/\/radiolitoral.com\/ca\/wp-json\/wp\/v2\/users\/12"}],"replies":[{"embeddable":true,"href":"https:\/\/radiolitoral.com\/ca\/wp-json\/wp\/v2\/comments?post=10269"}],"version-history":[{"count":2,"href":"https:\/\/radiolitoral.com\/ca\/wp-json\/wp\/v2\/posts\/10269\/revisions"}],"predecessor-version":[{"id":10272,"href":"https:\/\/radiolitoral.com\/ca\/wp-json\/wp\/v2\/posts\/10269\/revisions\/10272"}],"wp:featuredmedia":[{"embeddable":true,"href":"https:\/\/radiolitoral.com\/ca\/wp-json\/wp\/v2\/media\/10270"}],"wp:attachment":[{"href":"https:\/\/radiolitoral.com\/ca\/wp-json\/wp\/v2\/media?parent=10269"}],"wp:term":[{"taxonomy":"category","embeddable":true,"href":"https:\/\/radiolitoral.com\/ca\/wp-json\/wp\/v2\/categories?post=10269"},{"taxonomy":"post_tag","embeddable":true,"href":"https:\/\/radiolitoral.com\/ca\/wp-json\/wp\/v2\/tags?post=10269"}],"curies":[{"name":"wp","href":"https:\/\/api.w.org\/{rel}","templated":true}]}}