{"id":10229,"date":"2024-07-24T11:17:27","date_gmt":"2024-07-24T09:17:27","guid":{"rendered":"https:\/\/radiolitoral.com\/?p=10229"},"modified":"2024-07-24T11:20:01","modified_gmt":"2024-07-24T09:20:01","slug":"derrota-del-local-sergi-perez-a-lorysol-de-denia","status":"publish","type":"post","link":"https:\/\/radiolitoral.com\/ca\/2024\/07\/derrota-del-local-sergi-perez-en-lorysol-de-denia\/","title":{"rendered":"Derrota del local Sergi P\u00e9rez a l&#039;Orysol de D\u00e9nia"},"content":{"rendered":"<p>El\u00a0<span class=\"hiddenSpellError\">denier<\/span>\u00a0<strong>Sergi P\u00e9rez<\/strong> ha caigut derrotat a la primera ronda del quadre individual del torneig, enfrontant-se a un corretj\u00f3s\u00a0<strong><span class=\"hiddenSpellError\">Pontjodikrom<\/span><\/strong>, qui ocupa el lloc 656 del r\u00e0nquing mundial. Malgrat un comen\u00e7ament irresistible per part de P\u00e9rez, que es va portar el primer set per un contundent 6\/0, el neerland\u00e8s va aconseguir remontar i guanyar el partit amb parcials de <strong>6\/0, 4\/6 i 3\/6<\/strong>.<\/p>\n<p>P\u00e9rez va iniciar el partit amb una exhibici\u00f3 de domini absolut, deixant en blanc el seu rival al primer set. Aquest inici prometedor feia presagiar una jornada victoriosa per al\u00a0<span class=\"hiddenSpellError\">denier<\/span>, que es va mostrar implacable en els seus colps i en el seu servei.<\/p>\n<p>Tot i aix\u00f2, el partit va fer un gir inesperat a partir de la meitat de la segona m\u00e0nega.\u00a0<span class=\"hiddenSpellError\">Pontjodikrom<\/span>, aparentment adormit al primer set, va despertar i va comen\u00e7ar a demostrar el seu nivell. El neerland\u00e8s va aconseguir trencar el servei de P\u00e9rez en un moment cr\u00edtic, la qual cosa li va permetre consolidar la seva ventaja amb el seu propi servei. Aquest impuls va ser suficient perqu\u00e8\u00a0<span class=\"hiddenSpellError\">Pontjodikrom<\/span>\u00a0s&#039;adjudiqu\u00e9s el segon set amb un 4\/6.<\/p>\n<p>El tercer i decisiu set arrancar\u00e0 amb un trencament primerenc a favor de\u00a0<span class=\"hiddenSpellError\">Pontjodikrom<\/span>, qui no va desaprofitar l&#039;oportunitat d&#039;encarrilar el partit.\u00a0<span class=\"hiddenSpellError\">Va refor\u00e7ar<\/span>\u00a0el seu servei i, amb determinaci\u00f3, va tancar el set i el partit amb un 3\/6 definitiu, assegurant aix\u00ed el seu passi a la seg\u00fcent ronda.<\/p>\n<p>En altres partits jugats aquest dimarts, l&#039;espanyol\u00a0<strong><span class=\"hiddenSpellError\">Iker<\/span>\u00a0Sevilla<\/strong> va avan\u00e7ar despr\u00e9s d&#039;imposar-se al neerland\u00e8s\u00a0<strong><span class=\"hiddenSpellError\">Guy<\/span>\u00a0Doneu\u00a0<span class=\"hiddenSpellError\">Heijer<\/span><\/strong>\u00a0en un dol renyit, amb parcials de <strong>6\/4, 1\/6 i 6\/3<\/strong>. Aix\u00ed mateix, l&#039;itali\u00e0\u00a0<span class=\"hiddenSpellError\">Gi<\/span>ustino, tercer preclassificat del quadre mascul\u00ed, va superar l&#039;espanyol <strong>Mart\u00ednez\u00a0<span class=\"hiddenSpellError\">Arjona<\/span><\/strong>\u00a0amb un marcador de <strong>6\/1 i 6\/2<\/strong>.<\/p>\n<p>La competici\u00f3 continuar\u00e0 dem\u00e0 amb el debut del\u00a0<span class=\"hiddenSpellError\">denier<\/span>\u00a0<strong>Joan Torres<\/strong>, qui s&#039;enfrontar\u00e0 al dan\u00e8s\u00a0<strong><span class=\"hiddenSpellError\">Sebastian<\/span>\u00a0<span class=\"hiddenSpellError\">Jorgensen<\/span><\/strong>, actual n\u00famero 1.330 del m\u00f3n, no abans de les 11.30 hores. A m\u00e9s, Sergi P\u00e9rez i Joan Torres uniran for\u00e7a al quadre de dobles, disputant el seu primer partit a la tarda, no abans de les 18.00 hores.<\/p>\n<p>La jornada promet emocions i desafiaments per als representants\u00a0<span class=\"hiddenSpellError\">dianencs<\/span>, els qui buscaran redimir-se i avanzar en les seves respectives competicions.<\/p>","protected":false},"excerpt":{"rendered":"<p>El\u00a0dianense\u00a0Sergi P\u00e9rez ha caigut derrotat en la primera ronda del quadre individual del torneig, enfrontant-se a un corretj\u00f3s\u00a0Pontjodikromo, qui ocupa el lloc 656 del r\u00e0nquing mundial. Malgrat un comen\u00e7ament irresistible per part de P\u00e9rez, qui es va emportar el primer set per un contundent 6\/0, el neerland\u00e9s va aconseguir remuntar i guanyar el partit amb [&#8230;]<\/p>\n<p><a class=\"btn btn-secondary understrap-read-more-link\" href=\"https:\/\/radiolitoral.com\/ca\/2024\/07\/derrota-del-local-sergi-perez-en-lorysol-de-denia\/\">Continua llegint&#8230;<span class=\"screen-reader-text\"> from Derrota del local Sergi P\u00e9rez en l&#8217;Orysol de D\u00e9nia<\/span><\/a><\/p>\n","protected":false},"author":12,"featured_media":10230,"comment_status":"open","ping_status":"closed","sticky":false,"template":"","format":"standard","meta":{"_acf_changed":false,"inline_featured_image":false,"footnotes":""},"categories":[5],"tags":[6,1813,1811,1812,1814,1809],"class_list":["post-10229","post","type-post","status-publish","format-standard","has-post-thumbnail","hentry","category-deportes","tag-deportes","tag-iker-sevilla","tag-joan-torres","tag-pontjodikromo","tag-sebastian-jorgensen","tag-sergi-perez","cobertura-denia"],"acf":[],"yoast_head":"<!-- This site is optimized with the Yoast SEO plugin v27.5 - https:\/\/yoast.com\/product\/yoast-seo-wordpress\/ -->\n<title>Derrota del local Sergi P\u00e9rez en l&#039;Orysol de D\u00e9nia | R\u00e0dio Litoral<\/title>\n<meta name=\"description\" content=\"Va v\u00e9ncer amb claredat el primer set i va perdre en els dos seg\u00fcents davant davant un corretj\u00f3s Pontjodikromo Despr\u00e9s de dominar clarament el primer set va perdre els dos segons davant Pontjodikromo\" \/>\n<meta name=\"robots\" content=\"index, follow, max-snippet:-1, max-image-preview:large, max-video-preview:-1\" \/>\n<link rel=\"canonical\" href=\"https:\/\/radiolitoral.com\/ca\/2024\/07\/derrota-del-local-sergi-perez-a-lorysol-de-denia\/\" \/>\n<meta property=\"og:locale\" content=\"ca_ES\" \/>\n<meta property=\"og:type\" content=\"article\" \/>\n<meta property=\"og:title\" content=\"Derrota del local Sergi P\u00e9rez en l&#039;Orysol de D\u00e9nia | R\u00e0dio Litoral\" \/>\n<meta property=\"og:description\" content=\"Va v\u00e9ncer amb claredat el primer set i va perdre en els dos seg\u00fcents davant davant un corretj\u00f3s Pontjodikromo Despr\u00e9s de dominar clarament el primer set va perdre els dos segons davant Pontjodikromo\" \/>\n<meta property=\"og:url\" content=\"https:\/\/radiolitoral.com\/ca\/2024\/07\/derrota-del-local-sergi-perez-a-lorysol-de-denia\/\" \/>\n<meta property=\"og:site_name\" content=\"R\u00e0dio Litoral\" \/>\n<meta property=\"article:publisher\" content=\"https:\/\/www.facebook.com\/Laradiolitoral\/\" \/>\n<meta property=\"article:published_time\" content=\"2024-07-24T09:17:27+00:00\" \/>\n<meta property=\"article:modified_time\" content=\"2024-07-24T09:20:01+00:00\" \/>\n<meta property=\"og:image\" content=\"https:\/\/media.radiolitoral.com\/wp-content\/uploads\/2024\/07\/24095517\/Sergi-Perez-en-el-Orysol-2024.jpg\" \/>\n\t<meta property=\"og:image:width\" content=\"1600\" \/>\n\t<meta property=\"og:image:height\" content=\"1204\" \/>\n\t<meta property=\"og:image:type\" content=\"image\/jpeg\" \/>\n<meta name=\"author\" content=\"Javier Zamora\" \/>\n<meta name=\"twitter:card\" content=\"summary_large_image\" \/>\n<meta name=\"twitter:label1\" content=\"Escrit per\" \/>\n\t<meta name=\"twitter:data1\" content=\"Javier Zamora\" \/>\n\t<meta name=\"twitter:label2\" content=\"Temps estimat de lectura\" \/>\n\t<meta name=\"twitter:data2\" content=\"3 minuts\" \/>\n<script type=\"application\/ld+json\" class=\"yoast-schema-graph\">{\"@context\":\"https:\\\/\\\/schema.org\",\"@graph\":[{\"@type\":\"NewsArticle\",\"@id\":\"https:\\\/\\\/radiolitoral.com\\\/2024\\\/07\\\/derrota-del-local-sergi-perez-en-lorysol-de-denia\\\/#article\",\"isPartOf\":{\"@id\":\"https:\\\/\\\/radiolitoral.com\\\/2024\\\/07\\\/derrota-del-local-sergi-perez-en-lorysol-de-denia\\\/\"},\"author\":{\"name\":\"Javier Zamora\",\"@id\":\"https:\\\/\\\/radiolitoral.com\\\/#\\\/schema\\\/person\\\/7b1480b5caeb5acdd4ec6379caf62b22\"},\"headline\":\"Derrota del local Sergi P\u00e9rez en l&#8217;Orysol de D\u00e9nia\",\"datePublished\":\"2024-07-24T09:17:27+00:00\",\"dateModified\":\"2024-07-24T09:20:01+00:00\",\"mainEntityOfPage\":{\"@id\":\"https:\\\/\\\/radiolitoral.com\\\/2024\\\/07\\\/derrota-del-local-sergi-perez-en-lorysol-de-denia\\\/\"},\"wordCount\":394,\"commentCount\":0,\"publisher\":{\"@id\":\"https:\\\/\\\/radiolitoral.com\\\/#organization\"},\"image\":{\"@id\":\"https:\\\/\\\/radiolitoral.com\\\/2024\\\/07\\\/derrota-del-local-sergi-perez-en-lorysol-de-denia\\\/#primaryimage\"},\"thumbnailUrl\":\"https:\\\/\\\/media.radiolitoral.com\\\/wp-content\\\/uploads\\\/2024\\\/07\\\/24095517\\\/Sergi-Perez-en-el-Orysol-2024.jpg\",\"keywords\":[\"deportes\",\"Iker\u00a0Sevilla\",\"Joan Torres\",\"Pontjodikromo\",\"Sebastian\u00a0Jorgensen\",\"Sergi P\u00e9rez\"],\"articleSection\":[\"Deportes\"],\"inLanguage\":\"ca\",\"potentialAction\":[{\"@type\":\"CommentAction\",\"name\":\"Comment\",\"target\":[\"https:\\\/\\\/radiolitoral.com\\\/2024\\\/07\\\/derrota-del-local-sergi-perez-en-lorysol-de-denia\\\/#respond\"]}]},{\"@type\":[\"WebPage\",\"ItemPage\"],\"@id\":\"https:\\\/\\\/radiolitoral.com\\\/2024\\\/07\\\/derrota-del-local-sergi-perez-en-lorysol-de-denia\\\/\",\"url\":\"https:\\\/\\\/radiolitoral.com\\\/2024\\\/07\\\/derrota-del-local-sergi-perez-en-lorysol-de-denia\\\/\",\"name\":\"Derrota del local Sergi P\u00e9rez en l'Orysol de D\u00e9nia | R\u00e0dio Litoral\",\"isPartOf\":{\"@id\":\"https:\\\/\\\/radiolitoral.com\\\/#website\"},\"primaryImageOfPage\":{\"@id\":\"https:\\\/\\\/radiolitoral.com\\\/2024\\\/07\\\/derrota-del-local-sergi-perez-en-lorysol-de-denia\\\/#primaryimage\"},\"image\":{\"@id\":\"https:\\\/\\\/radiolitoral.com\\\/2024\\\/07\\\/derrota-del-local-sergi-perez-en-lorysol-de-denia\\\/#primaryimage\"},\"thumbnailUrl\":\"https:\\\/\\\/media.radiolitoral.com\\\/wp-content\\\/uploads\\\/2024\\\/07\\\/24095517\\\/Sergi-Perez-en-el-Orysol-2024.jpg\",\"datePublished\":\"2024-07-24T09:17:27+00:00\",\"dateModified\":\"2024-07-24T09:20:01+00:00\",\"description\":\"Va v\u00e9ncer amb claredat el primer set i va perdre en els dos seg\u00fcents davant davant un corretj\u00f3s Pontjodikromo Despr\u00e9s de dominar clarament el primer set va perdre els dos segons davant Pontjodikromo\",\"breadcrumb\":{\"@id\":\"https:\\\/\\\/radiolitoral.com\\\/2024\\\/07\\\/derrota-del-local-sergi-perez-en-lorysol-de-denia\\\/#breadcrumb\"},\"inLanguage\":\"ca\",\"potentialAction\":[{\"@type\":\"ReadAction\",\"target\":[\"https:\\\/\\\/radiolitoral.com\\\/2024\\\/07\\\/derrota-del-local-sergi-perez-en-lorysol-de-denia\\\/\"]}]},{\"@type\":\"ImageObject\",\"inLanguage\":\"ca\",\"@id\":\"https:\\\/\\\/radiolitoral.com\\\/2024\\\/07\\\/derrota-del-local-sergi-perez-en-lorysol-de-denia\\\/#primaryimage\",\"url\":\"https:\\\/\\\/media.radiolitoral.com\\\/wp-content\\\/uploads\\\/2024\\\/07\\\/24095517\\\/Sergi-Perez-en-el-Orysol-2024.jpg\",\"contentUrl\":\"https:\\\/\\\/media.radiolitoral.com\\\/wp-content\\\/uploads\\\/2024\\\/07\\\/24095517\\\/Sergi-Perez-en-el-Orysol-2024.jpg\",\"width\":1600,\"height\":1204},{\"@type\":\"BreadcrumbList\",\"@id\":\"https:\\\/\\\/radiolitoral.com\\\/2024\\\/07\\\/derrota-del-local-sergi-perez-en-lorysol-de-denia\\\/#breadcrumb\",\"itemListElement\":[{\"@type\":\"ListItem\",\"position\":1,\"name\":\"Portada\",\"item\":\"https:\\\/\\\/radiolitoral.com\\\/\"},{\"@type\":\"ListItem\",\"position\":2,\"name\":\"Derrota del local Sergi P\u00e9rez en l&#8217;Orysol de D\u00e9nia\"}]},{\"@type\":\"WebSite\",\"@id\":\"https:\\\/\\\/radiolitoral.com\\\/#website\",\"url\":\"https:\\\/\\\/radiolitoral.com\\\/\",\"name\":\"Radio Litoral\",\"description\":\"La radio local de la Marina Alta\",\"publisher\":{\"@id\":\"https:\\\/\\\/radiolitoral.com\\\/#organization\"},\"alternateName\":\"Litoral FM\",\"potentialAction\":[{\"@type\":\"SearchAction\",\"target\":{\"@type\":\"EntryPoint\",\"urlTemplate\":\"https:\\\/\\\/radiolitoral.com\\\/?s={search_term_string}\"},\"query-input\":{\"@type\":\"PropertyValueSpecification\",\"valueRequired\":true,\"valueName\":\"search_term_string\"}}],\"inLanguage\":\"ca\"},{\"@type\":\"Organization\",\"@id\":\"https:\\\/\\\/radiolitoral.com\\\/#organization\",\"name\":\"Radio Litoral\",\"url\":\"https:\\\/\\\/radiolitoral.com\\\/\",\"logo\":{\"@type\":\"ImageObject\",\"inLanguage\":\"ca\",\"@id\":\"https:\\\/\\\/radiolitoral.com\\\/#\\\/schema\\\/logo\\\/image\\\/\",\"url\":\"https:\\\/\\\/media.radiolitoral.com\\\/wp-content\\\/uploads\\\/2023\\\/02\\\/24143238\\\/CL-V-RadioLitoral696.png\",\"contentUrl\":\"https:\\\/\\\/media.radiolitoral.com\\\/wp-content\\\/uploads\\\/2023\\\/02\\\/24143238\\\/CL-V-RadioLitoral696.png\",\"width\":696,\"height\":696,\"caption\":\"Radio Litoral\"},\"image\":{\"@id\":\"https:\\\/\\\/radiolitoral.com\\\/#\\\/schema\\\/logo\\\/image\\\/\"},\"sameAs\":[\"https:\\\/\\\/www.facebook.com\\\/Laradiolitoral\\\/\"]},{\"@type\":\"Person\",\"@id\":\"https:\\\/\\\/radiolitoral.com\\\/#\\\/schema\\\/person\\\/7b1480b5caeb5acdd4ec6379caf62b22\",\"name\":\"Javier Zamora\",\"image\":{\"@type\":\"ImageObject\",\"inLanguage\":\"ca\",\"@id\":\"https:\\\/\\\/secure.gravatar.com\\\/avatar\\\/467a11f6918c7d619c4043fc6fa2d3853053107973f05b6e9c04ea6c4e3a7b3f?s=96&d=mm&r=g\",\"url\":\"https:\\\/\\\/secure.gravatar.com\\\/avatar\\\/467a11f6918c7d619c4043fc6fa2d3853053107973f05b6e9c04ea6c4e3a7b3f?s=96&d=mm&r=g\",\"contentUrl\":\"https:\\\/\\\/secure.gravatar.com\\\/avatar\\\/467a11f6918c7d619c4043fc6fa2d3853053107973f05b6e9c04ea6c4e3a7b3f?s=96&d=mm&r=g\",\"caption\":\"Javier Zamora\"},\"url\":\"https:\\\/\\\/radiolitoral.com\\\/ca\\\/author\\\/javier-zamora\\\/\"}]}<\/script>\n<!-- \/ Yoast SEO plugin. -->","yoast_head_json":{"title":"Derrota del local Sergi P\u00e9rez a l&#039;Orysol de D\u00e9nia | R\u00e0dio Litoral","description":"Va v\u00e8ncer amb claredat el primer set i va perdre en els dos seg\u00fcents davant un corretj\u00f3s Pontjodikromo Despr\u00e9s de dominar clarament el primer set va perdre els dos segons davant Pontjodikromo","robots":{"index":"index","follow":"follow","max-snippet":"max-snippet:-1","max-image-preview":"max-image-preview:large","max-video-preview":"max-video-preview:-1"},"canonical":"https:\/\/radiolitoral.com\/ca\/2024\/07\/derrota-del-local-sergi-perez-a-lorysol-de-denia\/","og_locale":"ca_ES","og_type":"article","og_title":"Derrota del local Sergi P\u00e9rez en l'Orysol de D\u00e9nia | R\u00e0dio Litoral","og_description":"Va v\u00e9ncer amb claredat el primer set i va perdre en els dos seg\u00fcents davant davant un corretj\u00f3s Pontjodikromo Despr\u00e9s de dominar clarament el primer set va perdre els dos segons davant Pontjodikromo","og_url":"https:\/\/radiolitoral.com\/ca\/2024\/07\/derrota-del-local-sergi-perez-a-lorysol-de-denia\/","og_site_name":"R\u00e0dio Litoral","article_publisher":"https:\/\/www.facebook.com\/Laradiolitoral\/","article_published_time":"2024-07-24T09:17:27+00:00","article_modified_time":"2024-07-24T09:20:01+00:00","og_image":[{"width":1600,"height":1204,"url":"https:\/\/media.radiolitoral.com\/wp-content\/uploads\/2024\/07\/24095517\/Sergi-Perez-en-el-Orysol-2024.jpg","type":"image\/jpeg"}],"author":"Javier Zamora","twitter_card":"summary_large_image","twitter_misc":{"Escrit per":"Javier Zamora","Temps estimat de lectura":"3 minuts"},"schema":{"@context":"https:\/\/schema.org","@graph":[{"@type":"NewsArticle","@id":"https:\/\/radiolitoral.com\/2024\/07\/derrota-del-local-sergi-perez-en-lorysol-de-denia\/#article","isPartOf":{"@id":"https:\/\/radiolitoral.com\/2024\/07\/derrota-del-local-sergi-perez-en-lorysol-de-denia\/"},"author":{"name":"Javier Zamora","@id":"https:\/\/radiolitoral.com\/#\/schema\/person\/7b1480b5caeb5acdd4ec6379caf62b22"},"headline":"Derrota del local Sergi P\u00e9rez en l&#8217;Orysol de D\u00e9nia","datePublished":"2024-07-24T09:17:27+00:00","dateModified":"2024-07-24T09:20:01+00:00","mainEntityOfPage":{"@id":"https:\/\/radiolitoral.com\/2024\/07\/derrota-del-local-sergi-perez-en-lorysol-de-denia\/"},"wordCount":394,"commentCount":0,"publisher":{"@id":"https:\/\/radiolitoral.com\/#organization"},"image":{"@id":"https:\/\/radiolitoral.com\/2024\/07\/derrota-del-local-sergi-perez-en-lorysol-de-denia\/#primaryimage"},"thumbnailUrl":"https:\/\/media.radiolitoral.com\/wp-content\/uploads\/2024\/07\/24095517\/Sergi-Perez-en-el-Orysol-2024.jpg","keywords":["deportes","Iker\u00a0Sevilla","Joan Torres","Pontjodikromo","Sebastian\u00a0Jorgensen","Sergi P\u00e9rez"],"articleSection":["Deportes"],"inLanguage":"ca","potentialAction":[{"@type":"CommentAction","name":"Comment","target":["https:\/\/radiolitoral.com\/2024\/07\/derrota-del-local-sergi-perez-en-lorysol-de-denia\/#respond"]}]},{"@type":["WebPage","ItemPage"],"@id":"https:\/\/radiolitoral.com\/2024\/07\/derrota-del-local-sergi-perez-en-lorysol-de-denia\/","url":"https:\/\/radiolitoral.com\/2024\/07\/derrota-del-local-sergi-perez-en-lorysol-de-denia\/","name":"Derrota del local Sergi P\u00e9rez a l&#039;Orysol de D\u00e9nia | R\u00e0dio Litoral","isPartOf":{"@id":"https:\/\/radiolitoral.com\/#website"},"primaryImageOfPage":{"@id":"https:\/\/radiolitoral.com\/2024\/07\/derrota-del-local-sergi-perez-en-lorysol-de-denia\/#primaryimage"},"image":{"@id":"https:\/\/radiolitoral.com\/2024\/07\/derrota-del-local-sergi-perez-en-lorysol-de-denia\/#primaryimage"},"thumbnailUrl":"https:\/\/media.radiolitoral.com\/wp-content\/uploads\/2024\/07\/24095517\/Sergi-Perez-en-el-Orysol-2024.jpg","datePublished":"2024-07-24T09:17:27+00:00","dateModified":"2024-07-24T09:20:01+00:00","description":"Va v\u00e8ncer amb claredat el primer set i va perdre en els dos seg\u00fcents davant un corretj\u00f3s Pontjodikromo Despr\u00e9s de dominar clarament el primer set va perdre els dos segons davant Pontjodikromo","breadcrumb":{"@id":"https:\/\/radiolitoral.com\/2024\/07\/derrota-del-local-sergi-perez-en-lorysol-de-denia\/#breadcrumb"},"inLanguage":"ca","potentialAction":[{"@type":"ReadAction","target":["https:\/\/radiolitoral.com\/2024\/07\/derrota-del-local-sergi-perez-en-lorysol-de-denia\/"]}]},{"@type":"ImageObject","inLanguage":"ca","@id":"https:\/\/radiolitoral.com\/2024\/07\/derrota-del-local-sergi-perez-en-lorysol-de-denia\/#primaryimage","url":"https:\/\/media.radiolitoral.com\/wp-content\/uploads\/2024\/07\/24095517\/Sergi-Perez-en-el-Orysol-2024.jpg","contentUrl":"https:\/\/media.radiolitoral.com\/wp-content\/uploads\/2024\/07\/24095517\/Sergi-Perez-en-el-Orysol-2024.jpg","width":1600,"height":1204},{"@type":"BreadcrumbList","@id":"https:\/\/radiolitoral.com\/2024\/07\/derrota-del-local-sergi-perez-en-lorysol-de-denia\/#breadcrumb","itemListElement":[{"@type":"ListItem","position":1,"name":"Portada","item":"https:\/\/radiolitoral.com\/"},{"@type":"ListItem","position":2,"name":"Derrota del local Sergi P\u00e9rez en l&#8217;Orysol de D\u00e9nia"}]},{"@type":"WebSite","@id":"https:\/\/radiolitoral.com\/#website","url":"https:\/\/radiolitoral.com\/","name":"R\u00e0dio Litoral","description":"La r\u00e0dio local de la Marina Alta","publisher":{"@id":"https:\/\/radiolitoral.com\/#organization"},"alternateName":"Litoral FM","potentialAction":[{"@type":"SearchAction","target":{"@type":"EntryPoint","urlTemplate":"https:\/\/radiolitoral.com\/?s={search_term_string}"},"query-input":{"@type":"PropertyValueSpecification","valueRequired":true,"valueName":"search_term_string"}}],"inLanguage":"ca"},{"@type":"Organization","@id":"https:\/\/radiolitoral.com\/#organization","name":"R\u00e0dio Litoral","url":"https:\/\/radiolitoral.com\/","logo":{"@type":"ImageObject","inLanguage":"ca","@id":"https:\/\/radiolitoral.com\/#\/schema\/logo\/image\/","url":"https:\/\/media.radiolitoral.com\/wp-content\/uploads\/2023\/02\/24143238\/CL-V-RadioLitoral696.png","contentUrl":"https:\/\/media.radiolitoral.com\/wp-content\/uploads\/2023\/02\/24143238\/CL-V-RadioLitoral696.png","width":696,"height":696,"caption":"Radio Litoral"},"image":{"@id":"https:\/\/radiolitoral.com\/#\/schema\/logo\/image\/"},"sameAs":["https:\/\/www.facebook.com\/Laradiolitoral\/"]},{"@type":"Person","@id":"https:\/\/radiolitoral.com\/#\/schema\/person\/7b1480b5caeb5acdd4ec6379caf62b22","name":"Javier Zamora","image":{"@type":"ImageObject","inLanguage":"ca","@id":"https:\/\/secure.gravatar.com\/avatar\/467a11f6918c7d619c4043fc6fa2d3853053107973f05b6e9c04ea6c4e3a7b3f?s=96&d=mm&r=g","url":"https:\/\/secure.gravatar.com\/avatar\/467a11f6918c7d619c4043fc6fa2d3853053107973f05b6e9c04ea6c4e3a7b3f?s=96&d=mm&r=g","contentUrl":"https:\/\/secure.gravatar.com\/avatar\/467a11f6918c7d619c4043fc6fa2d3853053107973f05b6e9c04ea6c4e3a7b3f?s=96&d=mm&r=g","caption":"Javier Zamora"},"url":"https:\/\/radiolitoral.com\/ca\/author\/javier-zamora\/"}]}},"_links":{"self":[{"href":"https:\/\/radiolitoral.com\/ca\/wp-json\/wp\/v2\/posts\/10229","targetHints":{"allow":["GET"]}}],"collection":[{"href":"https:\/\/radiolitoral.com\/ca\/wp-json\/wp\/v2\/posts"}],"about":[{"href":"https:\/\/radiolitoral.com\/ca\/wp-json\/wp\/v2\/types\/post"}],"author":[{"embeddable":true,"href":"https:\/\/radiolitoral.com\/ca\/wp-json\/wp\/v2\/users\/12"}],"replies":[{"embeddable":true,"href":"https:\/\/radiolitoral.com\/ca\/wp-json\/wp\/v2\/comments?post=10229"}],"version-history":[{"count":2,"href":"https:\/\/radiolitoral.com\/ca\/wp-json\/wp\/v2\/posts\/10229\/revisions"}],"predecessor-version":[{"id":10235,"href":"https:\/\/radiolitoral.com\/ca\/wp-json\/wp\/v2\/posts\/10229\/revisions\/10235"}],"wp:featuredmedia":[{"embeddable":true,"href":"https:\/\/radiolitoral.com\/ca\/wp-json\/wp\/v2\/media\/10230"}],"wp:attachment":[{"href":"https:\/\/radiolitoral.com\/ca\/wp-json\/wp\/v2\/media?parent=10229"}],"wp:term":[{"taxonomy":"category","embeddable":true,"href":"https:\/\/radiolitoral.com\/ca\/wp-json\/wp\/v2\/categories?post=10229"},{"taxonomy":"post_tag","embeddable":true,"href":"https:\/\/radiolitoral.com\/ca\/wp-json\/wp\/v2\/tags?post=10229"}],"curies":[{"name":"wp","href":"https:\/\/api.w.org\/{rel}","templated":true}]}}