{"id":10197,"date":"2024-07-22T18:51:08","date_gmt":"2024-07-22T16:51:08","guid":{"rendered":"https:\/\/radiolitoral.com\/?p=10197"},"modified":"2024-07-22T18:51:08","modified_gmt":"2024-07-22T16:51:08","slug":"localitzada-a-calp-una-pastera-amb-onze-persones-a-bord","status":"publish","type":"post","link":"https:\/\/radiolitoral.com\/ca\/2024\/07\/localitzada-a-calp-una-pastera-amb-onze-persones-a-bord\/","title":{"rendered":"Localitzada a Calp una pastera amb onze persones a bord"},"content":{"rendered":"<p>Nou rescat d&#039;una <strong>pastera<\/strong> als costos de la Marina Alta. En aquest cas, es va localitzar una embarcaci\u00f3 prec\u00e0ria a la costa de <strong>Calp<\/strong> amb onze persones a bord. Entre les persones ateses, hi havia una noia de quatre anys i un jove de 17 anys.<\/p>\n<p>L&#039;atenci\u00f3 tindr\u00e0 lloc el dissabte cap a les 19.00 hores i va finalitzar el diumenge a les 3.00 hores. L&#039;equip de Creu Roja els va facilitar onze kits d&#039;aliments, higiene, roba i cal\u00e7at.<\/p>\n<h4>M\u00e9s embarcacions a la costa alacantina<\/h4>\n<p>Per part seva, el diumenge van localitzar una pastera al Campello, a la cala Morro Blanc, amb tretze persones a bord, tots ells homes i entre ells hi havia dos menors. Se&#039;ls van repartir kits de roba, aliments, cal\u00e7at i higiene. L&#039;atenci\u00f3 de Creu Roja va finalitzar cap a les 00.30 hores.<\/p>\n<p>I tancant aquesta p\u00e0gina de rescats, aquest dilluns a la mat\u00ed, l&#039;organitzaci\u00f3 humanit\u00e0ria ha activat l&#039;Equip de Resposta Immediata a Emerg\u00e8ncies (ERIE AHI), despr\u00e9s de localitzar-se una pastera a Santa Pola, que els seus integrants han estat traslladats al Port d&#039;Alacant.<\/p>","protected":false},"excerpt":{"rendered":"<p>Nou rescat d&#8217;una pastera en les costes de la Marina Alta. En este cas, es va localitzar una embarcaci\u00f3 prec\u00e0ria en la costa de Calp amb onze persones a bord. Entre les persones ateses, es trobava una xiqueta de quatre anys i un jove de 17 anys. L&#8217;atenci\u00f3 va tindre lloc el dissabte sobre les [&#8230;]<\/p>\n<p><a class=\"btn btn-secondary understrap-read-more-link\" href=\"https:\/\/radiolitoral.com\/ca\/2024\/07\/localitzada-a-calp-una-pastera-amb-onze-persones-a-bord\/\">Continua llegint&#8230;<span class=\"screen-reader-text\"> from Localitzada a Calp una pastera amb onze persones a bord<\/span><\/a><\/p>\n","protected":false},"author":14,"featured_media":10198,"comment_status":"open","ping_status":"closed","sticky":false,"template":"","format":"standard","meta":{"_acf_changed":false,"inline_featured_image":false,"footnotes":""},"categories":[46],"tags":[122,1566,1170,1160],"class_list":["post-10197","post","type-post","status-publish","format-standard","has-post-thumbnail","hentry","category-sociedad","tag-calp","tag-patera","tag-rescate","tag-sociedad","cobertura-calp"],"acf":[],"yoast_head":"<!-- This site is optimized with the Yoast SEO plugin v27.5 - https:\/\/yoast.com\/product\/yoast-seo-wordpress\/ -->\n<title>Localitzada a Calp una pastera amb onze persones a bord | R\u00e0dio Litoral<\/title>\n<meta name=\"description\" content=\"Entre les persones ateses, es trobava una xiqueta de quatre anys i un jove de 17\" \/>\n<meta name=\"robots\" content=\"index, follow, max-snippet:-1, max-image-preview:large, max-video-preview:-1\" \/>\n<link rel=\"canonical\" href=\"https:\/\/radiolitoral.com\/ca\/2024\/07\/localitzada-a-calp-una-pastera-amb-onze-persones-a-bord\/\" \/>\n<meta property=\"og:locale\" content=\"ca_ES\" \/>\n<meta property=\"og:type\" content=\"article\" \/>\n<meta property=\"og:title\" content=\"Localitzada a Calp una pastera amb onze persones a bord | R\u00e0dio Litoral\" \/>\n<meta property=\"og:description\" content=\"Entre les persones ateses, es trobava una xiqueta de quatre anys i un jove de 17\" \/>\n<meta property=\"og:url\" content=\"https:\/\/radiolitoral.com\/ca\/2024\/07\/localitzada-a-calp-una-pastera-amb-onze-persones-a-bord\/\" \/>\n<meta property=\"og:site_name\" content=\"R\u00e0dio Litoral\" \/>\n<meta property=\"article:publisher\" content=\"https:\/\/www.facebook.com\/Laradiolitoral\/\" \/>\n<meta property=\"article:published_time\" content=\"2024-07-22T16:51:08+00:00\" \/>\n<meta property=\"og:image\" content=\"https:\/\/media.radiolitoral.com\/wp-content\/uploads\/2024\/07\/22182540\/fotonoticia_20240722153905_690.jpg\" \/>\n\t<meta property=\"og:image:width\" content=\"690\" \/>\n\t<meta property=\"og:image:height\" content=\"518\" \/>\n\t<meta property=\"og:image:type\" content=\"image\/jpeg\" \/>\n<meta name=\"author\" content=\"Redacci\u00f3n\" \/>\n<meta name=\"twitter:card\" content=\"summary_large_image\" \/>\n<meta name=\"twitter:label1\" content=\"Escrit per\" \/>\n\t<meta name=\"twitter:data1\" content=\"Redacci\u00f3n\" \/>\n\t<meta name=\"twitter:label2\" content=\"Temps estimat de lectura\" \/>\n\t<meta name=\"twitter:data2\" content=\"2 minuts\" \/>\n<script type=\"application\/ld+json\" class=\"yoast-schema-graph\">{\"@context\":\"https:\\\/\\\/schema.org\",\"@graph\":[{\"@type\":\"NewsArticle\",\"@id\":\"https:\\\/\\\/radiolitoral.com\\\/2024\\\/07\\\/localitzada-a-calp-una-pastera-amb-onze-persones-a-bord\\\/#article\",\"isPartOf\":{\"@id\":\"https:\\\/\\\/radiolitoral.com\\\/2024\\\/07\\\/localitzada-a-calp-una-pastera-amb-onze-persones-a-bord\\\/\"},\"author\":{\"name\":\"Redacci\u00f3n\",\"@id\":\"https:\\\/\\\/radiolitoral.com\\\/#\\\/schema\\\/person\\\/96b739642eb3bedb532aac3812d23307\"},\"headline\":\"Localitzada a Calp una pastera amb onze persones a bord\",\"datePublished\":\"2024-07-22T16:51:08+00:00\",\"mainEntityOfPage\":{\"@id\":\"https:\\\/\\\/radiolitoral.com\\\/2024\\\/07\\\/localitzada-a-calp-una-pastera-amb-onze-persones-a-bord\\\/\"},\"wordCount\":200,\"commentCount\":0,\"publisher\":{\"@id\":\"https:\\\/\\\/radiolitoral.com\\\/#organization\"},\"image\":{\"@id\":\"https:\\\/\\\/radiolitoral.com\\\/2024\\\/07\\\/localitzada-a-calp-una-pastera-amb-onze-persones-a-bord\\\/#primaryimage\"},\"thumbnailUrl\":\"https:\\\/\\\/media.radiolitoral.com\\\/wp-content\\\/uploads\\\/2024\\\/07\\\/22182540\\\/fotonoticia_20240722153905_690.jpg\",\"keywords\":[\"Calp\",\"patera\",\"rescate\",\"sociedad\"],\"articleSection\":[\"Sociedad\"],\"inLanguage\":\"ca\",\"potentialAction\":[{\"@type\":\"CommentAction\",\"name\":\"Comment\",\"target\":[\"https:\\\/\\\/radiolitoral.com\\\/2024\\\/07\\\/localitzada-a-calp-una-pastera-amb-onze-persones-a-bord\\\/#respond\"]}]},{\"@type\":[\"WebPage\",\"ItemPage\"],\"@id\":\"https:\\\/\\\/radiolitoral.com\\\/2024\\\/07\\\/localitzada-a-calp-una-pastera-amb-onze-persones-a-bord\\\/\",\"url\":\"https:\\\/\\\/radiolitoral.com\\\/2024\\\/07\\\/localitzada-a-calp-una-pastera-amb-onze-persones-a-bord\\\/\",\"name\":\"Localitzada a Calp una pastera amb onze persones a bord | R\u00e0dio Litoral\",\"isPartOf\":{\"@id\":\"https:\\\/\\\/radiolitoral.com\\\/#website\"},\"primaryImageOfPage\":{\"@id\":\"https:\\\/\\\/radiolitoral.com\\\/2024\\\/07\\\/localitzada-a-calp-una-pastera-amb-onze-persones-a-bord\\\/#primaryimage\"},\"image\":{\"@id\":\"https:\\\/\\\/radiolitoral.com\\\/2024\\\/07\\\/localitzada-a-calp-una-pastera-amb-onze-persones-a-bord\\\/#primaryimage\"},\"thumbnailUrl\":\"https:\\\/\\\/media.radiolitoral.com\\\/wp-content\\\/uploads\\\/2024\\\/07\\\/22182540\\\/fotonoticia_20240722153905_690.jpg\",\"datePublished\":\"2024-07-22T16:51:08+00:00\",\"description\":\"Entre les persones ateses, es trobava una xiqueta de quatre anys i un jove de 17\",\"breadcrumb\":{\"@id\":\"https:\\\/\\\/radiolitoral.com\\\/2024\\\/07\\\/localitzada-a-calp-una-pastera-amb-onze-persones-a-bord\\\/#breadcrumb\"},\"inLanguage\":\"ca\",\"potentialAction\":[{\"@type\":\"ReadAction\",\"target\":[\"https:\\\/\\\/radiolitoral.com\\\/2024\\\/07\\\/localitzada-a-calp-una-pastera-amb-onze-persones-a-bord\\\/\"]}]},{\"@type\":\"ImageObject\",\"inLanguage\":\"ca\",\"@id\":\"https:\\\/\\\/radiolitoral.com\\\/2024\\\/07\\\/localitzada-a-calp-una-pastera-amb-onze-persones-a-bord\\\/#primaryimage\",\"url\":\"https:\\\/\\\/media.radiolitoral.com\\\/wp-content\\\/uploads\\\/2024\\\/07\\\/22182540\\\/fotonoticia_20240722153905_690.jpg\",\"contentUrl\":\"https:\\\/\\\/media.radiolitoral.com\\\/wp-content\\\/uploads\\\/2024\\\/07\\\/22182540\\\/fotonoticia_20240722153905_690.jpg\",\"width\":690,\"height\":518},{\"@type\":\"BreadcrumbList\",\"@id\":\"https:\\\/\\\/radiolitoral.com\\\/2024\\\/07\\\/localitzada-a-calp-una-pastera-amb-onze-persones-a-bord\\\/#breadcrumb\",\"itemListElement\":[{\"@type\":\"ListItem\",\"position\":1,\"name\":\"Portada\",\"item\":\"https:\\\/\\\/radiolitoral.com\\\/\"},{\"@type\":\"ListItem\",\"position\":2,\"name\":\"Localitzada a Calp una pastera amb onze persones a bord\"}]},{\"@type\":\"WebSite\",\"@id\":\"https:\\\/\\\/radiolitoral.com\\\/#website\",\"url\":\"https:\\\/\\\/radiolitoral.com\\\/\",\"name\":\"Radio Litoral\",\"description\":\"La radio local de la Marina Alta\",\"publisher\":{\"@id\":\"https:\\\/\\\/radiolitoral.com\\\/#organization\"},\"alternateName\":\"Litoral FM\",\"potentialAction\":[{\"@type\":\"SearchAction\",\"target\":{\"@type\":\"EntryPoint\",\"urlTemplate\":\"https:\\\/\\\/radiolitoral.com\\\/?s={search_term_string}\"},\"query-input\":{\"@type\":\"PropertyValueSpecification\",\"valueRequired\":true,\"valueName\":\"search_term_string\"}}],\"inLanguage\":\"ca\"},{\"@type\":\"Organization\",\"@id\":\"https:\\\/\\\/radiolitoral.com\\\/#organization\",\"name\":\"Radio Litoral\",\"url\":\"https:\\\/\\\/radiolitoral.com\\\/\",\"logo\":{\"@type\":\"ImageObject\",\"inLanguage\":\"ca\",\"@id\":\"https:\\\/\\\/radiolitoral.com\\\/#\\\/schema\\\/logo\\\/image\\\/\",\"url\":\"https:\\\/\\\/media.radiolitoral.com\\\/wp-content\\\/uploads\\\/2023\\\/02\\\/24143238\\\/CL-V-RadioLitoral696.png\",\"contentUrl\":\"https:\\\/\\\/media.radiolitoral.com\\\/wp-content\\\/uploads\\\/2023\\\/02\\\/24143238\\\/CL-V-RadioLitoral696.png\",\"width\":696,\"height\":696,\"caption\":\"Radio Litoral\"},\"image\":{\"@id\":\"https:\\\/\\\/radiolitoral.com\\\/#\\\/schema\\\/logo\\\/image\\\/\"},\"sameAs\":[\"https:\\\/\\\/www.facebook.com\\\/Laradiolitoral\\\/\"]},{\"@type\":\"Person\",\"@id\":\"https:\\\/\\\/radiolitoral.com\\\/#\\\/schema\\\/person\\\/96b739642eb3bedb532aac3812d23307\",\"name\":\"Redacci\u00f3n\",\"image\":{\"@type\":\"ImageObject\",\"inLanguage\":\"ca\",\"@id\":\"https:\\\/\\\/secure.gravatar.com\\\/avatar\\\/30cd06129ee90411dd9c7cbdcf17464181d1a3c7b072e92070ea75a25cf0097e?s=96&d=mm&r=g\",\"url\":\"https:\\\/\\\/secure.gravatar.com\\\/avatar\\\/30cd06129ee90411dd9c7cbdcf17464181d1a3c7b072e92070ea75a25cf0097e?s=96&d=mm&r=g\",\"contentUrl\":\"https:\\\/\\\/secure.gravatar.com\\\/avatar\\\/30cd06129ee90411dd9c7cbdcf17464181d1a3c7b072e92070ea75a25cf0097e?s=96&d=mm&r=g\",\"caption\":\"Redacci\u00f3n\"},\"url\":\"https:\\\/\\\/radiolitoral.com\\\/ca\\\/author\\\/kevin-carrio\\\/\"}]}<\/script>\n<!-- \/ Yoast SEO plugin. -->","yoast_head_json":{"title":"Localitzada a Calp una pastera amb onze persones a bord | R\u00e0dio Litoral","description":"Entre les persones ateses, es trobava una noia de quatre anys i un jove de 17 anys","robots":{"index":"index","follow":"follow","max-snippet":"max-snippet:-1","max-image-preview":"max-image-preview:large","max-video-preview":"max-video-preview:-1"},"canonical":"https:\/\/radiolitoral.com\/ca\/2024\/07\/localitzada-a-calp-una-pastera-amb-onze-persones-a-bord\/","og_locale":"ca_ES","og_type":"article","og_title":"Localitzada a Calp una pastera amb onze persones a bord | R\u00e0dio Litoral","og_description":"Entre les persones ateses, es trobava una xiqueta de quatre anys i un jove de 17","og_url":"https:\/\/radiolitoral.com\/ca\/2024\/07\/localitzada-a-calp-una-pastera-amb-onze-persones-a-bord\/","og_site_name":"R\u00e0dio Litoral","article_publisher":"https:\/\/www.facebook.com\/Laradiolitoral\/","article_published_time":"2024-07-22T16:51:08+00:00","og_image":[{"width":690,"height":518,"url":"https:\/\/media.radiolitoral.com\/wp-content\/uploads\/2024\/07\/22182540\/fotonoticia_20240722153905_690.jpg","type":"image\/jpeg"}],"author":"Redacci\u00f3n","twitter_card":"summary_large_image","twitter_misc":{"Escrit per":"Redacci\u00f3n","Temps estimat de lectura":"2 minuts"},"schema":{"@context":"https:\/\/schema.org","@graph":[{"@type":"NewsArticle","@id":"https:\/\/radiolitoral.com\/2024\/07\/localitzada-a-calp-una-pastera-amb-onze-persones-a-bord\/#article","isPartOf":{"@id":"https:\/\/radiolitoral.com\/2024\/07\/localitzada-a-calp-una-pastera-amb-onze-persones-a-bord\/"},"author":{"name":"Redacci\u00f3n","@id":"https:\/\/radiolitoral.com\/#\/schema\/person\/96b739642eb3bedb532aac3812d23307"},"headline":"Localitzada a Calp una pastera amb onze persones a bord","datePublished":"2024-07-22T16:51:08+00:00","mainEntityOfPage":{"@id":"https:\/\/radiolitoral.com\/2024\/07\/localitzada-a-calp-una-pastera-amb-onze-persones-a-bord\/"},"wordCount":200,"commentCount":0,"publisher":{"@id":"https:\/\/radiolitoral.com\/#organization"},"image":{"@id":"https:\/\/radiolitoral.com\/2024\/07\/localitzada-a-calp-una-pastera-amb-onze-persones-a-bord\/#primaryimage"},"thumbnailUrl":"https:\/\/media.radiolitoral.com\/wp-content\/uploads\/2024\/07\/22182540\/fotonoticia_20240722153905_690.jpg","keywords":["Calp","patera","rescate","sociedad"],"articleSection":["Sociedad"],"inLanguage":"ca","potentialAction":[{"@type":"CommentAction","name":"Comment","target":["https:\/\/radiolitoral.com\/2024\/07\/localitzada-a-calp-una-pastera-amb-onze-persones-a-bord\/#respond"]}]},{"@type":["WebPage","ItemPage"],"@id":"https:\/\/radiolitoral.com\/2024\/07\/localitzada-a-calp-una-pastera-amb-onze-persones-a-bord\/","url":"https:\/\/radiolitoral.com\/2024\/07\/localitzada-a-calp-una-pastera-amb-onze-persones-a-bord\/","name":"Localitzada a Calp una pastera amb onze persones a bord | R\u00e0dio Litoral","isPartOf":{"@id":"https:\/\/radiolitoral.com\/#website"},"primaryImageOfPage":{"@id":"https:\/\/radiolitoral.com\/2024\/07\/localitzada-a-calp-una-pastera-amb-onze-persones-a-bord\/#primaryimage"},"image":{"@id":"https:\/\/radiolitoral.com\/2024\/07\/localitzada-a-calp-una-pastera-amb-onze-persones-a-bord\/#primaryimage"},"thumbnailUrl":"https:\/\/media.radiolitoral.com\/wp-content\/uploads\/2024\/07\/22182540\/fotonoticia_20240722153905_690.jpg","datePublished":"2024-07-22T16:51:08+00:00","description":"Entre les persones ateses, es trobava una noia de quatre anys i un jove de 17 anys","breadcrumb":{"@id":"https:\/\/radiolitoral.com\/2024\/07\/localitzada-a-calp-una-pastera-amb-onze-persones-a-bord\/#breadcrumb"},"inLanguage":"ca","potentialAction":[{"@type":"ReadAction","target":["https:\/\/radiolitoral.com\/2024\/07\/localitzada-a-calp-una-pastera-amb-onze-persones-a-bord\/"]}]},{"@type":"ImageObject","inLanguage":"ca","@id":"https:\/\/radiolitoral.com\/2024\/07\/localitzada-a-calp-una-pastera-amb-onze-persones-a-bord\/#primaryimage","url":"https:\/\/media.radiolitoral.com\/wp-content\/uploads\/2024\/07\/22182540\/fotonoticia_20240722153905_690.jpg","contentUrl":"https:\/\/media.radiolitoral.com\/wp-content\/uploads\/2024\/07\/22182540\/fotonoticia_20240722153905_690.jpg","width":690,"height":518},{"@type":"BreadcrumbList","@id":"https:\/\/radiolitoral.com\/2024\/07\/localitzada-a-calp-una-pastera-amb-onze-persones-a-bord\/#breadcrumb","itemListElement":[{"@type":"ListItem","position":1,"name":"Portada","item":"https:\/\/radiolitoral.com\/"},{"@type":"ListItem","position":2,"name":"Localitzada a Calp una pastera amb onze persones a bord"}]},{"@type":"WebSite","@id":"https:\/\/radiolitoral.com\/#website","url":"https:\/\/radiolitoral.com\/","name":"R\u00e0dio Litoral","description":"La r\u00e0dio local de la Marina Alta","publisher":{"@id":"https:\/\/radiolitoral.com\/#organization"},"alternateName":"Litoral FM","potentialAction":[{"@type":"SearchAction","target":{"@type":"EntryPoint","urlTemplate":"https:\/\/radiolitoral.com\/?s={search_term_string}"},"query-input":{"@type":"PropertyValueSpecification","valueRequired":true,"valueName":"search_term_string"}}],"inLanguage":"ca"},{"@type":"Organization","@id":"https:\/\/radiolitoral.com\/#organization","name":"R\u00e0dio Litoral","url":"https:\/\/radiolitoral.com\/","logo":{"@type":"ImageObject","inLanguage":"ca","@id":"https:\/\/radiolitoral.com\/#\/schema\/logo\/image\/","url":"https:\/\/media.radiolitoral.com\/wp-content\/uploads\/2023\/02\/24143238\/CL-V-RadioLitoral696.png","contentUrl":"https:\/\/media.radiolitoral.com\/wp-content\/uploads\/2023\/02\/24143238\/CL-V-RadioLitoral696.png","width":696,"height":696,"caption":"Radio Litoral"},"image":{"@id":"https:\/\/radiolitoral.com\/#\/schema\/logo\/image\/"},"sameAs":["https:\/\/www.facebook.com\/Laradiolitoral\/"]},{"@type":"Person","@id":"https:\/\/radiolitoral.com\/#\/schema\/person\/96b739642eb3bedb532aac3812d23307","name":"Redacci\u00f3","image":{"@type":"ImageObject","inLanguage":"ca","@id":"https:\/\/secure.gravatar.com\/avatar\/30cd06129ee90411dd9c7cbdcf17464181d1a3c7b072e92070ea75a25cf0097e?s=96&d=mm&r=g","url":"https:\/\/secure.gravatar.com\/avatar\/30cd06129ee90411dd9c7cbdcf17464181d1a3c7b072e92070ea75a25cf0097e?s=96&d=mm&r=g","contentUrl":"https:\/\/secure.gravatar.com\/avatar\/30cd06129ee90411dd9c7cbdcf17464181d1a3c7b072e92070ea75a25cf0097e?s=96&d=mm&r=g","caption":"Redacci\u00f3n"},"url":"https:\/\/radiolitoral.com\/ca\/author\/kevin-carrio\/"}]}},"_links":{"self":[{"href":"https:\/\/radiolitoral.com\/ca\/wp-json\/wp\/v2\/posts\/10197","targetHints":{"allow":["GET"]}}],"collection":[{"href":"https:\/\/radiolitoral.com\/ca\/wp-json\/wp\/v2\/posts"}],"about":[{"href":"https:\/\/radiolitoral.com\/ca\/wp-json\/wp\/v2\/types\/post"}],"author":[{"embeddable":true,"href":"https:\/\/radiolitoral.com\/ca\/wp-json\/wp\/v2\/users\/14"}],"replies":[{"embeddable":true,"href":"https:\/\/radiolitoral.com\/ca\/wp-json\/wp\/v2\/comments?post=10197"}],"version-history":[{"count":1,"href":"https:\/\/radiolitoral.com\/ca\/wp-json\/wp\/v2\/posts\/10197\/revisions"}],"predecessor-version":[{"id":10199,"href":"https:\/\/radiolitoral.com\/ca\/wp-json\/wp\/v2\/posts\/10197\/revisions\/10199"}],"wp:featuredmedia":[{"embeddable":true,"href":"https:\/\/radiolitoral.com\/ca\/wp-json\/wp\/v2\/media\/10198"}],"wp:attachment":[{"href":"https:\/\/radiolitoral.com\/ca\/wp-json\/wp\/v2\/media?parent=10197"}],"wp:term":[{"taxonomy":"category","embeddable":true,"href":"https:\/\/radiolitoral.com\/ca\/wp-json\/wp\/v2\/categories?post=10197"},{"taxonomy":"post_tag","embeddable":true,"href":"https:\/\/radiolitoral.com\/ca\/wp-json\/wp\/v2\/tags?post=10197"}],"curies":[{"name":"wp","href":"https:\/\/api.w.org\/{rel}","templated":true}]}}