{"id":10184,"date":"2024-07-22T14:29:49","date_gmt":"2024-07-22T12:29:49","guid":{"rendered":"https:\/\/radiolitoral.com\/?p=10184"},"modified":"2024-07-23T11:07:48","modified_gmt":"2024-07-23T09:07:48","slug":"la-marina-alta-se-suma-a-la-nit-de-vigilia-el-jueus-25-de-juliol-contra-la-violencia-machista","status":"publish","type":"post","link":"https:\/\/radiolitoral.com\/ca\/2024\/07\/la-marina-alta-se-suma-a-la-nit-de-vigilia-el-dijous-25-de-juliol-contra-la-violencia-masclista\/","title":{"rendered":"La Marina Alta se suma a la &#039;Nit de Vig\u00edlia&#039;, el jueus 25 de juliol, contra la viol\u00e8ncia machista"},"content":{"rendered":"<p>La <strong>Marina Alta se suma a la &#039;Nit de <span class=\"hiddenSpellError\">Vig\u00edlia<\/span>&#039;<\/strong> <strong>contra la viol\u00e8ncia machista<\/strong>; una convocat\u00f2ria que es repetir\u00e0 en altres punts de la Comunitat Valenciana, sota el lema \u201cfarts de viol\u00e8ncia machista\u201d, el <strong>jueus 25 de juliol.<\/strong><\/p>\n<p>A <strong>D\u00e9nia<\/strong>, <strong><span class=\"hiddenSpellError\">Matria<\/span> Associaci\u00f3 de Dones<\/strong> convoca la ciutadania, a la pla\u00e7a del Consell, entre les 22 i les 23 hores. \u00c9s convida els participants a portar vels.<\/p>\n<p>A <strong>Benissa<\/strong>, organitza el<strong> Consell Municipal d&#039;Igualtat<\/strong>. Aqu\u00ed, se celebrar\u00e0 a la pla\u00e7a Rei Jaume I, tamb\u00e9 a partir de les 22 hores.<\/p>\n<p>I a <strong>Calp<\/strong>, l&#039;<strong>Associaci\u00f3 feminista Dones per la Igualtat<\/strong> convoca la pla\u00e7a de la Constituci\u00f3, a la mateixa hora.<\/p>\n<p>Amb <span class=\"hiddenSuggestion\">aquesta<\/span> mobilitzaci\u00f3 es pret\u00e9n mostrar el fart que existeix a la societat davant l&#039;assassinat continuat de dons. I \u00e9s que, <strong>en els darrers 16 dies, 14 dons han perdut la vida<\/strong>, a mans de les seves parelles o exparelles sentimentals.<\/p>\n<p>Uns <strong>200 associacions valencianes<\/strong> de dons secundaren <span class=\"hiddenSuggestion\">aquesta<\/span> convocat\u00f2ria en la qual s&#039;exigir\u00e0 als poders p\u00fablics que actu\u00efn de manera contundent en l&#039;aplicaci\u00f3 i el desenvolupament de lleis que protegeixen la vida de les dones.<\/p>\n<p>Una mobilitzaci\u00f3 amb la qual es demanaran responsabilitats pels errors del sistema que no evitin els assassinats de dons i menors, a mans dels seus agressors. Tamb\u00e9 es reclamar\u00e0 l&#039;<strong>elaboraci\u00f3 urgent del II Pacte Valenci\u00e0 contra la viol\u00e8ncia machista.<\/strong> Aix\u00ed ho ha avan\u00e7at des de Dones per la Igualtat de Calp, <span class=\"hiddenSpellError\">Patr\u00edcia<\/span> <span class=\"hiddenSpellError\">Greene<\/span>.<\/p>\n<p>Des de l&#039;<strong>Associaci\u00f3 feminista calpina fan una crida<\/strong> a tots els ve\u00efns i ve\u00efnes del municipi perqu\u00e8 se sumin a <span class=\"hiddenSuggestion\">aquesta<\/span> vig\u00edlia i demostren amb <span class=\"hiddenSuggestion\">aquesta<\/span> concentraci\u00f3 la repulsa als actes de viol\u00e8ncia cap a les dons.<\/p>","protected":false},"excerpt":{"rendered":"<p>La Marina Alta se suma a la \u2018Nit de Vigilia\u2019 contra la viol\u00e8ncia masclista; una convocat\u00f2ria que es repetir\u00e0 en altres punts de la Comunitat Valenciana, sota el lema \u201cfartes de viol\u00e8ncia masclista\u201d, el dijous 25 de juliol. A D\u00e9nia, Matria Associaci\u00f3 de Dones convoca a la ciutadania, a la pla\u00e7a del Consell, entre les [&#8230;]<\/p>\n<p><a class=\"btn btn-secondary understrap-read-more-link\" href=\"https:\/\/radiolitoral.com\/ca\/2024\/07\/la-marina-alta-se-suma-a-la-nit-de-vigilia-el-dijous-25-de-juliol-contra-la-violencia-masclista\/\">Continua llegint&#8230;<span class=\"screen-reader-text\"> from La Marina Alta se suma a la \u2018Nit de Vigilia\u2019, el dijous 25 de juliol, contra la viol\u00e8ncia masclista<\/span><\/a><\/p>\n","protected":false},"author":13,"featured_media":10183,"comment_status":"open","ping_status":"closed","sticky":false,"template":"","format":"standard","meta":{"_acf_changed":false,"inline_featured_image":false,"footnotes":""},"categories":[46],"tags":[314,1799,1666],"class_list":["post-10184","post","type-post","status-publish","format-standard","has-post-thumbnail","hentry","category-sociedad","tag-marina-alta","tag-victimas-violencia-machista","tag-violencia-de-genero","cobertura-marina-alta"],"acf":[],"yoast_head":"<!-- This site is optimized with the Yoast SEO plugin v27.5 - https:\/\/yoast.com\/product\/yoast-seo-wordpress\/ -->\n<title>La Marina Alta se suma a la \u2018Nit de Vigilia\u2019, el dijous 25 de juliol, contra la viol\u00e8ncia masclista | R\u00e0dio Litoral<\/title>\n<meta name=\"description\" content=\"Associacions de dones de la comarca s\u2019adherixen a la convocat\u00f2ria, amb el lema \u201cfartes de viol\u00e8ncia masclista\u201d Associacions de dones de la comarca s\u2019adherixen a la convocat\u00f2ria, amb el lema \u201cfartes de viol\u00e8ncia masclista\u201d\" \/>\n<meta name=\"robots\" content=\"index, follow, max-snippet:-1, max-image-preview:large, max-video-preview:-1\" \/>\n<link rel=\"canonical\" href=\"https:\/\/radiolitoral.com\/ca\/2024\/07\/la-marina-alta-se-suma-a-la-nit-de-vigilia-el-jueus-25-de-juliol-contra-la-violencia-machista\/\" \/>\n<meta property=\"og:locale\" content=\"ca_ES\" \/>\n<meta property=\"og:type\" content=\"article\" \/>\n<meta property=\"og:title\" content=\"La Marina Alta se suma a la \u2018Nit de Vigilia\u2019, el dijous 25 de juliol, contra la viol\u00e8ncia masclista | R\u00e0dio Litoral\" \/>\n<meta property=\"og:description\" content=\"Associacions de dones de la comarca s\u2019adherixen a la convocat\u00f2ria, amb el lema \u201cfartes de viol\u00e8ncia masclista\u201d Associacions de dones de la comarca s\u2019adherixen a la convocat\u00f2ria, amb el lema \u201cfartes de viol\u00e8ncia masclista\u201d\" \/>\n<meta property=\"og:url\" content=\"https:\/\/radiolitoral.com\/ca\/2024\/07\/la-marina-alta-se-suma-a-la-nit-de-vigilia-el-jueus-25-de-juliol-contra-la-violencia-machista\/\" \/>\n<meta property=\"og:site_name\" content=\"R\u00e0dio Litoral\" \/>\n<meta property=\"article:publisher\" content=\"https:\/\/www.facebook.com\/Laradiolitoral\/\" \/>\n<meta property=\"article:published_time\" content=\"2024-07-22T12:29:49+00:00\" \/>\n<meta property=\"article:modified_time\" content=\"2024-07-23T09:07:48+00:00\" \/>\n<meta property=\"og:image\" content=\"https:\/\/media.radiolitoral.com\/wp-content\/uploads\/2024\/07\/22142512\/Benissa-Nit-de-Vigilia.jpg\" \/>\n\t<meta property=\"og:image:width\" content=\"1080\" \/>\n\t<meta property=\"og:image:height\" content=\"1080\" \/>\n\t<meta property=\"og:image:type\" content=\"image\/jpeg\" \/>\n<meta name=\"author\" content=\"Redacci\u00f3n\" \/>\n<meta name=\"twitter:card\" content=\"summary_large_image\" \/>\n<meta name=\"twitter:label1\" content=\"Escrit per\" \/>\n\t<meta name=\"twitter:data1\" content=\"Redacci\u00f3n\" \/>\n\t<meta name=\"twitter:label2\" content=\"Temps estimat de lectura\" \/>\n\t<meta name=\"twitter:data2\" content=\"2 minuts\" \/>\n<script type=\"application\/ld+json\" class=\"yoast-schema-graph\">{\"@context\":\"https:\\\/\\\/schema.org\",\"@graph\":[{\"@type\":\"NewsArticle\",\"@id\":\"https:\\\/\\\/radiolitoral.com\\\/2024\\\/07\\\/la-marina-alta-se-suma-a-la-nit-de-vigilia-el-dijous-25-de-juliol-contra-la-violencia-masclista\\\/#article\",\"isPartOf\":{\"@id\":\"https:\\\/\\\/radiolitoral.com\\\/2024\\\/07\\\/la-marina-alta-se-suma-a-la-nit-de-vigilia-el-dijous-25-de-juliol-contra-la-violencia-masclista\\\/\"},\"author\":{\"name\":\"Redacci\u00f3n\",\"@id\":\"https:\\\/\\\/radiolitoral.com\\\/#\\\/schema\\\/person\\\/f2b2343c49b5d721857cc1002bfdb151\"},\"headline\":\"La Marina Alta se suma a la \u2018Nit de Vigilia\u2019, el dijous 25 de juliol, contra la viol\u00e8ncia masclista\",\"datePublished\":\"2024-07-22T12:29:49+00:00\",\"dateModified\":\"2024-07-23T09:07:48+00:00\",\"mainEntityOfPage\":{\"@id\":\"https:\\\/\\\/radiolitoral.com\\\/2024\\\/07\\\/la-marina-alta-se-suma-a-la-nit-de-vigilia-el-dijous-25-de-juliol-contra-la-violencia-masclista\\\/\"},\"wordCount\":310,\"commentCount\":0,\"publisher\":{\"@id\":\"https:\\\/\\\/radiolitoral.com\\\/#organization\"},\"image\":{\"@id\":\"https:\\\/\\\/radiolitoral.com\\\/2024\\\/07\\\/la-marina-alta-se-suma-a-la-nit-de-vigilia-el-dijous-25-de-juliol-contra-la-violencia-masclista\\\/#primaryimage\"},\"thumbnailUrl\":\"https:\\\/\\\/media.radiolitoral.com\\\/wp-content\\\/uploads\\\/2024\\\/07\\\/22142512\\\/Benissa-Nit-de-Vigilia.jpg\",\"keywords\":[\"Marina Alta\",\"v\u00edctimas violencia machista\",\"violencia de g\u00e9nero\"],\"articleSection\":[\"Sociedad\"],\"inLanguage\":\"ca\",\"potentialAction\":[{\"@type\":\"CommentAction\",\"name\":\"Comment\",\"target\":[\"https:\\\/\\\/radiolitoral.com\\\/2024\\\/07\\\/la-marina-alta-se-suma-a-la-nit-de-vigilia-el-dijous-25-de-juliol-contra-la-violencia-masclista\\\/#respond\"]}]},{\"@type\":[\"WebPage\",\"ItemPage\"],\"@id\":\"https:\\\/\\\/radiolitoral.com\\\/2024\\\/07\\\/la-marina-alta-se-suma-a-la-nit-de-vigilia-el-dijous-25-de-juliol-contra-la-violencia-masclista\\\/\",\"url\":\"https:\\\/\\\/radiolitoral.com\\\/2024\\\/07\\\/la-marina-alta-se-suma-a-la-nit-de-vigilia-el-dijous-25-de-juliol-contra-la-violencia-masclista\\\/\",\"name\":\"La Marina Alta se suma a la \u2018Nit de Vigilia\u2019, el dijous 25 de juliol, contra la viol\u00e8ncia masclista | R\u00e0dio Litoral\",\"isPartOf\":{\"@id\":\"https:\\\/\\\/radiolitoral.com\\\/#website\"},\"primaryImageOfPage\":{\"@id\":\"https:\\\/\\\/radiolitoral.com\\\/2024\\\/07\\\/la-marina-alta-se-suma-a-la-nit-de-vigilia-el-dijous-25-de-juliol-contra-la-violencia-masclista\\\/#primaryimage\"},\"image\":{\"@id\":\"https:\\\/\\\/radiolitoral.com\\\/2024\\\/07\\\/la-marina-alta-se-suma-a-la-nit-de-vigilia-el-dijous-25-de-juliol-contra-la-violencia-masclista\\\/#primaryimage\"},\"thumbnailUrl\":\"https:\\\/\\\/media.radiolitoral.com\\\/wp-content\\\/uploads\\\/2024\\\/07\\\/22142512\\\/Benissa-Nit-de-Vigilia.jpg\",\"datePublished\":\"2024-07-22T12:29:49+00:00\",\"dateModified\":\"2024-07-23T09:07:48+00:00\",\"description\":\"Associacions de dones de la comarca s\u2019adherixen a la convocat\u00f2ria, amb el lema \u201cfartes de viol\u00e8ncia masclista\u201d Associacions de dones de la comarca s\u2019adherixen a la convocat\u00f2ria, amb el lema \u201cfartes de viol\u00e8ncia masclista\u201d\",\"breadcrumb\":{\"@id\":\"https:\\\/\\\/radiolitoral.com\\\/2024\\\/07\\\/la-marina-alta-se-suma-a-la-nit-de-vigilia-el-dijous-25-de-juliol-contra-la-violencia-masclista\\\/#breadcrumb\"},\"inLanguage\":\"ca\",\"potentialAction\":[{\"@type\":\"ReadAction\",\"target\":[\"https:\\\/\\\/radiolitoral.com\\\/2024\\\/07\\\/la-marina-alta-se-suma-a-la-nit-de-vigilia-el-dijous-25-de-juliol-contra-la-violencia-masclista\\\/\"]}]},{\"@type\":\"ImageObject\",\"inLanguage\":\"ca\",\"@id\":\"https:\\\/\\\/radiolitoral.com\\\/2024\\\/07\\\/la-marina-alta-se-suma-a-la-nit-de-vigilia-el-dijous-25-de-juliol-contra-la-violencia-masclista\\\/#primaryimage\",\"url\":\"https:\\\/\\\/media.radiolitoral.com\\\/wp-content\\\/uploads\\\/2024\\\/07\\\/22142512\\\/Benissa-Nit-de-Vigilia.jpg\",\"contentUrl\":\"https:\\\/\\\/media.radiolitoral.com\\\/wp-content\\\/uploads\\\/2024\\\/07\\\/22142512\\\/Benissa-Nit-de-Vigilia.jpg\",\"width\":1080,\"height\":1080},{\"@type\":\"BreadcrumbList\",\"@id\":\"https:\\\/\\\/radiolitoral.com\\\/2024\\\/07\\\/la-marina-alta-se-suma-a-la-nit-de-vigilia-el-dijous-25-de-juliol-contra-la-violencia-masclista\\\/#breadcrumb\",\"itemListElement\":[{\"@type\":\"ListItem\",\"position\":1,\"name\":\"Portada\",\"item\":\"https:\\\/\\\/radiolitoral.com\\\/\"},{\"@type\":\"ListItem\",\"position\":2,\"name\":\"La Marina Alta se suma a la \u2018Nit de Vigilia\u2019, el dijous 25 de juliol, contra la viol\u00e8ncia masclista\"}]},{\"@type\":\"WebSite\",\"@id\":\"https:\\\/\\\/radiolitoral.com\\\/#website\",\"url\":\"https:\\\/\\\/radiolitoral.com\\\/\",\"name\":\"Radio Litoral\",\"description\":\"La radio local de la Marina Alta\",\"publisher\":{\"@id\":\"https:\\\/\\\/radiolitoral.com\\\/#organization\"},\"alternateName\":\"Litoral FM\",\"potentialAction\":[{\"@type\":\"SearchAction\",\"target\":{\"@type\":\"EntryPoint\",\"urlTemplate\":\"https:\\\/\\\/radiolitoral.com\\\/?s={search_term_string}\"},\"query-input\":{\"@type\":\"PropertyValueSpecification\",\"valueRequired\":true,\"valueName\":\"search_term_string\"}}],\"inLanguage\":\"ca\"},{\"@type\":\"Organization\",\"@id\":\"https:\\\/\\\/radiolitoral.com\\\/#organization\",\"name\":\"Radio Litoral\",\"url\":\"https:\\\/\\\/radiolitoral.com\\\/\",\"logo\":{\"@type\":\"ImageObject\",\"inLanguage\":\"ca\",\"@id\":\"https:\\\/\\\/radiolitoral.com\\\/#\\\/schema\\\/logo\\\/image\\\/\",\"url\":\"https:\\\/\\\/media.radiolitoral.com\\\/wp-content\\\/uploads\\\/2023\\\/02\\\/24143238\\\/CL-V-RadioLitoral696.png\",\"contentUrl\":\"https:\\\/\\\/media.radiolitoral.com\\\/wp-content\\\/uploads\\\/2023\\\/02\\\/24143238\\\/CL-V-RadioLitoral696.png\",\"width\":696,\"height\":696,\"caption\":\"Radio Litoral\"},\"image\":{\"@id\":\"https:\\\/\\\/radiolitoral.com\\\/#\\\/schema\\\/logo\\\/image\\\/\"},\"sameAs\":[\"https:\\\/\\\/www.facebook.com\\\/Laradiolitoral\\\/\"]},{\"@type\":\"Person\",\"@id\":\"https:\\\/\\\/radiolitoral.com\\\/#\\\/schema\\\/person\\\/f2b2343c49b5d721857cc1002bfdb151\",\"name\":\"Redacci\u00f3n\",\"image\":{\"@type\":\"ImageObject\",\"inLanguage\":\"ca\",\"@id\":\"https:\\\/\\\/secure.gravatar.com\\\/avatar\\\/f771d896c203ad8b3382d7905cfcce5a5c9b008b84b3cd9114e9b9f4cb63f789?s=96&d=mm&r=g\",\"url\":\"https:\\\/\\\/secure.gravatar.com\\\/avatar\\\/f771d896c203ad8b3382d7905cfcce5a5c9b008b84b3cd9114e9b9f4cb63f789?s=96&d=mm&r=g\",\"contentUrl\":\"https:\\\/\\\/secure.gravatar.com\\\/avatar\\\/f771d896c203ad8b3382d7905cfcce5a5c9b008b84b3cd9114e9b9f4cb63f789?s=96&d=mm&r=g\",\"caption\":\"Redacci\u00f3n\"},\"url\":\"https:\\\/\\\/radiolitoral.com\\\/ca\\\/author\\\/miriam-pagan\\\/\"}]}<\/script>\n<!-- \/ Yoast SEO plugin. -->","yoast_head_json":{"title":"La Marina Alta se suma a la &#039;Nit de Vig\u00edlia&#039;, el jueus 25 de juliol, contra la viol\u00e8ncia machista | R\u00e0dio Litoral","description":"Associacions de dons de la comarca s&#039;adhereixen a la convocat\u00f2ria, amb el lema \u201cfarts de viol\u00e8ncia machista\u201d Associacions de dons de la comarca s&#039;adhereixen a la convocat\u00f2ria, amb el lema \u201cfarts de viol\u00e8ncia machista\u201d","robots":{"index":"index","follow":"follow","max-snippet":"max-snippet:-1","max-image-preview":"max-image-preview:large","max-video-preview":"max-video-preview:-1"},"canonical":"https:\/\/radiolitoral.com\/ca\/2024\/07\/la-marina-alta-se-suma-a-la-nit-de-vigilia-el-jueus-25-de-juliol-contra-la-violencia-machista\/","og_locale":"ca_ES","og_type":"article","og_title":"La Marina Alta se suma a la \u2018Nit de Vigilia\u2019, el dijous 25 de juliol, contra la viol\u00e8ncia masclista | R\u00e0dio Litoral","og_description":"Associacions de dones de la comarca s\u2019adherixen a la convocat\u00f2ria, amb el lema \u201cfartes de viol\u00e8ncia masclista\u201d Associacions de dones de la comarca s\u2019adherixen a la convocat\u00f2ria, amb el lema \u201cfartes de viol\u00e8ncia masclista\u201d","og_url":"https:\/\/radiolitoral.com\/ca\/2024\/07\/la-marina-alta-se-suma-a-la-nit-de-vigilia-el-jueus-25-de-juliol-contra-la-violencia-machista\/","og_site_name":"R\u00e0dio Litoral","article_publisher":"https:\/\/www.facebook.com\/Laradiolitoral\/","article_published_time":"2024-07-22T12:29:49+00:00","article_modified_time":"2024-07-23T09:07:48+00:00","og_image":[{"width":1080,"height":1080,"url":"https:\/\/media.radiolitoral.com\/wp-content\/uploads\/2024\/07\/22142512\/Benissa-Nit-de-Vigilia.jpg","type":"image\/jpeg"}],"author":"Redacci\u00f3n","twitter_card":"summary_large_image","twitter_misc":{"Escrit per":"Redacci\u00f3n","Temps estimat de lectura":"2 minuts"},"schema":{"@context":"https:\/\/schema.org","@graph":[{"@type":"NewsArticle","@id":"https:\/\/radiolitoral.com\/2024\/07\/la-marina-alta-se-suma-a-la-nit-de-vigilia-el-dijous-25-de-juliol-contra-la-violencia-masclista\/#article","isPartOf":{"@id":"https:\/\/radiolitoral.com\/2024\/07\/la-marina-alta-se-suma-a-la-nit-de-vigilia-el-dijous-25-de-juliol-contra-la-violencia-masclista\/"},"author":{"name":"Redacci\u00f3n","@id":"https:\/\/radiolitoral.com\/#\/schema\/person\/f2b2343c49b5d721857cc1002bfdb151"},"headline":"La Marina Alta se suma a la \u2018Nit de Vigilia\u2019, el dijous 25 de juliol, contra la viol\u00e8ncia masclista","datePublished":"2024-07-22T12:29:49+00:00","dateModified":"2024-07-23T09:07:48+00:00","mainEntityOfPage":{"@id":"https:\/\/radiolitoral.com\/2024\/07\/la-marina-alta-se-suma-a-la-nit-de-vigilia-el-dijous-25-de-juliol-contra-la-violencia-masclista\/"},"wordCount":310,"commentCount":0,"publisher":{"@id":"https:\/\/radiolitoral.com\/#organization"},"image":{"@id":"https:\/\/radiolitoral.com\/2024\/07\/la-marina-alta-se-suma-a-la-nit-de-vigilia-el-dijous-25-de-juliol-contra-la-violencia-masclista\/#primaryimage"},"thumbnailUrl":"https:\/\/media.radiolitoral.com\/wp-content\/uploads\/2024\/07\/22142512\/Benissa-Nit-de-Vigilia.jpg","keywords":["Marina Alta","v\u00edctimas violencia machista","violencia de g\u00e9nero"],"articleSection":["Sociedad"],"inLanguage":"ca","potentialAction":[{"@type":"CommentAction","name":"Comment","target":["https:\/\/radiolitoral.com\/2024\/07\/la-marina-alta-se-suma-a-la-nit-de-vigilia-el-dijous-25-de-juliol-contra-la-violencia-masclista\/#respond"]}]},{"@type":["WebPage","ItemPage"],"@id":"https:\/\/radiolitoral.com\/2024\/07\/la-marina-alta-se-suma-a-la-nit-de-vigilia-el-dijous-25-de-juliol-contra-la-violencia-masclista\/","url":"https:\/\/radiolitoral.com\/2024\/07\/la-marina-alta-se-suma-a-la-nit-de-vigilia-el-dijous-25-de-juliol-contra-la-violencia-masclista\/","name":"La Marina Alta se suma a la &#039;Nit de Vig\u00edlia&#039;, el jueus 25 de juliol, contra la viol\u00e8ncia machista | R\u00e0dio Litoral","isPartOf":{"@id":"https:\/\/radiolitoral.com\/#website"},"primaryImageOfPage":{"@id":"https:\/\/radiolitoral.com\/2024\/07\/la-marina-alta-se-suma-a-la-nit-de-vigilia-el-dijous-25-de-juliol-contra-la-violencia-masclista\/#primaryimage"},"image":{"@id":"https:\/\/radiolitoral.com\/2024\/07\/la-marina-alta-se-suma-a-la-nit-de-vigilia-el-dijous-25-de-juliol-contra-la-violencia-masclista\/#primaryimage"},"thumbnailUrl":"https:\/\/media.radiolitoral.com\/wp-content\/uploads\/2024\/07\/22142512\/Benissa-Nit-de-Vigilia.jpg","datePublished":"2024-07-22T12:29:49+00:00","dateModified":"2024-07-23T09:07:48+00:00","description":"Associacions de dons de la comarca s&#039;adhereixen a la convocat\u00f2ria, amb el lema \u201cfarts de viol\u00e8ncia machista\u201d Associacions de dons de la comarca s&#039;adhereixen a la convocat\u00f2ria, amb el lema \u201cfarts de viol\u00e8ncia machista\u201d","breadcrumb":{"@id":"https:\/\/radiolitoral.com\/2024\/07\/la-marina-alta-se-suma-a-la-nit-de-vigilia-el-dijous-25-de-juliol-contra-la-violencia-masclista\/#breadcrumb"},"inLanguage":"ca","potentialAction":[{"@type":"ReadAction","target":["https:\/\/radiolitoral.com\/2024\/07\/la-marina-alta-se-suma-a-la-nit-de-vigilia-el-dijous-25-de-juliol-contra-la-violencia-masclista\/"]}]},{"@type":"ImageObject","inLanguage":"ca","@id":"https:\/\/radiolitoral.com\/2024\/07\/la-marina-alta-se-suma-a-la-nit-de-vigilia-el-dijous-25-de-juliol-contra-la-violencia-masclista\/#primaryimage","url":"https:\/\/media.radiolitoral.com\/wp-content\/uploads\/2024\/07\/22142512\/Benissa-Nit-de-Vigilia.jpg","contentUrl":"https:\/\/media.radiolitoral.com\/wp-content\/uploads\/2024\/07\/22142512\/Benissa-Nit-de-Vigilia.jpg","width":1080,"height":1080},{"@type":"BreadcrumbList","@id":"https:\/\/radiolitoral.com\/2024\/07\/la-marina-alta-se-suma-a-la-nit-de-vigilia-el-dijous-25-de-juliol-contra-la-violencia-masclista\/#breadcrumb","itemListElement":[{"@type":"ListItem","position":1,"name":"Portada","item":"https:\/\/radiolitoral.com\/"},{"@type":"ListItem","position":2,"name":"La Marina Alta se suma a la \u2018Nit de Vigilia\u2019, el dijous 25 de juliol, contra la viol\u00e8ncia masclista"}]},{"@type":"WebSite","@id":"https:\/\/radiolitoral.com\/#website","url":"https:\/\/radiolitoral.com\/","name":"R\u00e0dio Litoral","description":"La r\u00e0dio local de la Marina Alta","publisher":{"@id":"https:\/\/radiolitoral.com\/#organization"},"alternateName":"Litoral FM","potentialAction":[{"@type":"SearchAction","target":{"@type":"EntryPoint","urlTemplate":"https:\/\/radiolitoral.com\/?s={search_term_string}"},"query-input":{"@type":"PropertyValueSpecification","valueRequired":true,"valueName":"search_term_string"}}],"inLanguage":"ca"},{"@type":"Organization","@id":"https:\/\/radiolitoral.com\/#organization","name":"R\u00e0dio Litoral","url":"https:\/\/radiolitoral.com\/","logo":{"@type":"ImageObject","inLanguage":"ca","@id":"https:\/\/radiolitoral.com\/#\/schema\/logo\/image\/","url":"https:\/\/media.radiolitoral.com\/wp-content\/uploads\/2023\/02\/24143238\/CL-V-RadioLitoral696.png","contentUrl":"https:\/\/media.radiolitoral.com\/wp-content\/uploads\/2023\/02\/24143238\/CL-V-RadioLitoral696.png","width":696,"height":696,"caption":"Radio Litoral"},"image":{"@id":"https:\/\/radiolitoral.com\/#\/schema\/logo\/image\/"},"sameAs":["https:\/\/www.facebook.com\/Laradiolitoral\/"]},{"@type":"Person","@id":"https:\/\/radiolitoral.com\/#\/schema\/person\/f2b2343c49b5d721857cc1002bfdb151","name":"Redacci\u00f3","image":{"@type":"ImageObject","inLanguage":"ca","@id":"https:\/\/secure.gravatar.com\/avatar\/f771d896c203ad8b3382d7905cfcce5a5c9b008b84b3cd9114e9b9f4cb63f789?s=96&d=mm&r=g","url":"https:\/\/secure.gravatar.com\/avatar\/f771d896c203ad8b3382d7905cfcce5a5c9b008b84b3cd9114e9b9f4cb63f789?s=96&d=mm&r=g","contentUrl":"https:\/\/secure.gravatar.com\/avatar\/f771d896c203ad8b3382d7905cfcce5a5c9b008b84b3cd9114e9b9f4cb63f789?s=96&d=mm&r=g","caption":"Redacci\u00f3n"},"url":"https:\/\/radiolitoral.com\/ca\/author\/miriam-pagan\/"}]}},"_links":{"self":[{"href":"https:\/\/radiolitoral.com\/ca\/wp-json\/wp\/v2\/posts\/10184","targetHints":{"allow":["GET"]}}],"collection":[{"href":"https:\/\/radiolitoral.com\/ca\/wp-json\/wp\/v2\/posts"}],"about":[{"href":"https:\/\/radiolitoral.com\/ca\/wp-json\/wp\/v2\/types\/post"}],"author":[{"embeddable":true,"href":"https:\/\/radiolitoral.com\/ca\/wp-json\/wp\/v2\/users\/13"}],"replies":[{"embeddable":true,"href":"https:\/\/radiolitoral.com\/ca\/wp-json\/wp\/v2\/comments?post=10184"}],"version-history":[{"count":1,"href":"https:\/\/radiolitoral.com\/ca\/wp-json\/wp\/v2\/posts\/10184\/revisions"}],"predecessor-version":[{"id":10185,"href":"https:\/\/radiolitoral.com\/ca\/wp-json\/wp\/v2\/posts\/10184\/revisions\/10185"}],"wp:featuredmedia":[{"embeddable":true,"href":"https:\/\/radiolitoral.com\/ca\/wp-json\/wp\/v2\/media\/10183"}],"wp:attachment":[{"href":"https:\/\/radiolitoral.com\/ca\/wp-json\/wp\/v2\/media?parent=10184"}],"wp:term":[{"taxonomy":"category","embeddable":true,"href":"https:\/\/radiolitoral.com\/ca\/wp-json\/wp\/v2\/categories?post=10184"},{"taxonomy":"post_tag","embeddable":true,"href":"https:\/\/radiolitoral.com\/ca\/wp-json\/wp\/v2\/tags?post=10184"}],"curies":[{"name":"wp","href":"https:\/\/api.w.org\/{rel}","templated":true}]}}