{"id":10128,"date":"2024-07-19T10:40:23","date_gmt":"2024-07-19T08:40:23","guid":{"rendered":"https:\/\/radiolitoral.com\/?p=10128"},"modified":"2024-07-19T16:15:02","modified_gmt":"2024-07-19T14:15:02","slug":"p-juanvi-ortola-guanyador-del-trofeu-campions-dacydma-2024","status":"publish","type":"post","link":"https:\/\/radiolitoral.com\/ca\/2024\/07\/p-juanvi-ortola-guanyador-del-trofeu-campions-dacydma-2024\/","title":{"rendered":"P. Juanvi Ortol\u00e1 guanyador del Trofeu Campions d&#039;Acydma 2024"},"content":{"rendered":"<p>El <strong>Trofeu Campions 2024 de futbol sala<\/strong>, organitzat per l&#039;<strong>Associaci\u00f3 Cultural i Esportiva Marina Alta<\/strong> <strong>(<span class=\"hiddenSpellError\">ACYDMA<\/span>)<\/strong>, va tenir com a ganador el conjunt denier a l&#039;equip del <b>P. Juanvi Ortol\u00e1<\/b>, que va v\u00e8ncer a la final al <b>Llenceria B\u00e0mbola <\/b>per <strong>2 a 4<\/strong>.<\/p>\n<p>Els\u00a0<span class=\"hiddenSpellError\">dianencs<\/span>\u00a0que s\u00f3n els actuals campions de lliga es van imposar en un gran partit jugat al <strong>pavell\u00f3 municipal de D\u00e9nia<\/strong> un rival que va aconseguir posar molt prompte el marcador de cara. Al primer minut del xoc va aconseguir avan\u00e7ar-se al marcador.<\/p>\n<p>La reacci\u00f3 per part de l&#039;esquadra denier va arribar amb summa celeritat i va obtenir donar la volta al marcador amb dos gols. El conjunt de X\u00e0bia no va abaixar els bra\u00e7os i va aconseguir empatar, arribant-se al descans amb taules al marcador, (2-2).<\/p>\n<figure id=\"attachment_10129\" aria-describedby=\"caption-attachment-10129\" style=\"width: 1536px\" class=\"wp-caption alignnone\"><img loading=\"lazy\" decoding=\"async\" class=\"wp-image-10129 size-full\" src=\"https:\/\/media.radiolitoral.com\/wp-content\/uploads\/2024\/07\/19103550\/Lenceria-Bambola.jpg\" alt=\"\" width=\"1536\" height=\"1226\" srcset=\"https:\/\/media.radiolitoral.com\/wp-content\/uploads\/2024\/07\/19103550\/Lenceria-Bambola.jpg 1536w, https:\/\/media.radiolitoral.com\/wp-content\/uploads\/2024\/07\/19103550\/Lenceria-Bambola-300x239.jpg 300w, https:\/\/media.radiolitoral.com\/wp-content\/uploads\/2024\/07\/19103550\/Lenceria-Bambola-1024x817.jpg 1024w, https:\/\/media.radiolitoral.com\/wp-content\/uploads\/2024\/07\/19103550\/Lenceria-Bambola-768x613.jpg 768w, https:\/\/media.radiolitoral.com\/wp-content\/uploads\/2024\/07\/19103550\/Lenceria-Bambola-15x12.jpg 15w, https:\/\/media.radiolitoral.com\/wp-content\/uploads\/2024\/07\/19103550\/Lenceria-Bambola-1000x798.jpg 1000w, https:\/\/media.radiolitoral.com\/wp-content\/uploads\/2024\/07\/19103550\/Lenceria-Bambola-100x80.jpg 100w, https:\/\/media.radiolitoral.com\/wp-content\/uploads\/2024\/07\/19103550\/Lenceria-Bambola-200x160.jpg 200w\" sizes=\"auto, (max-width: 1536px) 100vw, 1536px\" \/><figcaption id=\"caption-attachment-10129\" class=\"wp-caption-text\">Equip Llenceria B\u00e0mbola | Acydma<\/figcaption><\/figure>\n<p>La segona meitat va tenir clar domini del P. Juanvi Ortol\u00e1 que va anotar 2 punts que van deixar tocats en la seva moral als\u00a0<span class=\"hiddenSpellError\">locals<\/span>. Al final d&#039;aquest emocionant xoc el marcador va ser de 2 a 4, amb qu\u00e8 la copa de campi\u00f3 se&#039;n va a les vitrins del campi\u00f3 de Copa.<\/p>\n<p>A la entrega de trofeus va ser present l&#039;edil d&#039;esports de D\u00e9nia, <strong>Valen\u00a0<span class=\"hiddenSpellError\">Alcal\u00e1<\/span><\/strong>\u00a0i el president d&#039;<span class=\"hiddenSpellError\">ACYDMA<\/span>,\u00a0<span class=\"hiddenSpellError\">Alberto<\/span>\u00a0<span class=\"hiddenSpellError\">Portell<\/span>.<\/p>","protected":false},"excerpt":{"rendered":"<p>El Trofeu Campions 2024 de futbol sala, organitzat per l&#8217;Associaci\u00f3 Cultural i Esportiva Marina Alta (ACYDMA), va tindre com a guanyador al conjunt dianense\u00a0a l&#8217;equip del P. Juanvi Ortol\u00e1, que va v\u00e9ncer en la final al Lencer\u00eda B\u00e1mbola per 2 a 4. Els\u00a0dianenses\u00a0que s\u00f3n els actuals campions de lliga es van imposar en un gran [&#8230;]<\/p>\n<p><a class=\"btn btn-secondary understrap-read-more-link\" href=\"https:\/\/radiolitoral.com\/ca\/2024\/07\/p-juanvi-ortola-guanyador-del-trofeu-campions-dacydma-2024\/\">Continua llegint&#8230;<span class=\"screen-reader-text\"> from P. Juanvi Ortol\u00e1 guanyador del Trofeu Campions d\u2019Acydma 2024<\/span><\/a><\/p>\n","protected":false},"author":12,"featured_media":10130,"comment_status":"open","ping_status":"closed","sticky":false,"template":"","format":"standard","meta":{"_acf_changed":false,"inline_featured_image":false,"footnotes":""},"categories":[5],"tags":[1508,1755,1753,6,1754,1210],"class_list":["post-10128","post","type-post","status-publish","format-standard","has-post-thumbnail","hentry","category-deportes","tag-acydma","tag-alberto-portillo","tag-associacio-cultural-i-esportiva-marina-alta","tag-deportes","tag-pavello-municipal-de-denia","tag-valen-alcala","cobertura-denia"],"acf":[],"yoast_head":"<!-- This site is optimized with the Yoast SEO plugin v27.5 - https:\/\/yoast.com\/product\/yoast-seo-wordpress\/ -->\n<title>P. Juanvi Ortol\u00e1 guanyador del Trofeu Campions d\u2019Acydma 2024 | R\u00e0dio Litoral<\/title>\n<meta name=\"description\" content=\"Els xabieros van ser els dominadors en la segona mitat aconseguint el triomf final P. Juanvi Ortol\u00e1 prenc la iniciativa en el marcador obligant als dianenses a remuntar el xoc\" \/>\n<meta name=\"robots\" content=\"index, follow, max-snippet:-1, max-image-preview:large, max-video-preview:-1\" \/>\n<link rel=\"canonical\" href=\"https:\/\/radiolitoral.com\/ca\/2024\/07\/p-juanvi-ortola-guanyador-del-trofeu-campions-dacydma-2024\/\" \/>\n<meta property=\"og:locale\" content=\"ca_ES\" \/>\n<meta property=\"og:type\" content=\"article\" \/>\n<meta property=\"og:title\" content=\"P. Juanvi Ortol\u00e1 guanyador del Trofeu Campions d\u2019Acydma 2024 | R\u00e0dio Litoral\" \/>\n<meta property=\"og:description\" content=\"Els xabieros van ser els dominadors en la segona mitat aconseguint el triomf final P. Juanvi Ortol\u00e1 prenc la iniciativa en el marcador obligant als dianenses a remuntar el xoc\" \/>\n<meta property=\"og:url\" content=\"https:\/\/radiolitoral.com\/ca\/2024\/07\/p-juanvi-ortola-guanyador-del-trofeu-campions-dacydma-2024\/\" \/>\n<meta property=\"og:site_name\" content=\"R\u00e0dio Litoral\" \/>\n<meta property=\"article:publisher\" content=\"https:\/\/www.facebook.com\/Laradiolitoral\/\" \/>\n<meta property=\"article:published_time\" content=\"2024-07-19T08:40:23+00:00\" \/>\n<meta property=\"article:modified_time\" content=\"2024-07-19T14:15:02+00:00\" \/>\n<meta property=\"og:image\" content=\"https:\/\/media.radiolitoral.com\/wp-content\/uploads\/2024\/07\/19103923\/P.-Juanvi-Ortola.jpg\" \/>\n\t<meta property=\"og:image:width\" content=\"1452\" \/>\n\t<meta property=\"og:image:height\" content=\"979\" \/>\n\t<meta property=\"og:image:type\" content=\"image\/jpeg\" \/>\n<meta name=\"author\" content=\"Javier Zamora\" \/>\n<meta name=\"twitter:card\" content=\"summary_large_image\" \/>\n<meta name=\"twitter:label1\" content=\"Escrit per\" \/>\n\t<meta name=\"twitter:data1\" content=\"Javier Zamora\" \/>\n\t<meta name=\"twitter:label2\" content=\"Temps estimat de lectura\" \/>\n\t<meta name=\"twitter:data2\" content=\"2 minuts\" \/>\n<script type=\"application\/ld+json\" class=\"yoast-schema-graph\">{\"@context\":\"https:\\\/\\\/schema.org\",\"@graph\":[{\"@type\":\"NewsArticle\",\"@id\":\"https:\\\/\\\/radiolitoral.com\\\/2024\\\/07\\\/p-juanvi-ortola-guanyador-del-trofeu-campions-dacydma-2024\\\/#article\",\"isPartOf\":{\"@id\":\"https:\\\/\\\/radiolitoral.com\\\/2024\\\/07\\\/p-juanvi-ortola-guanyador-del-trofeu-campions-dacydma-2024\\\/\"},\"author\":{\"name\":\"Javier Zamora\",\"@id\":\"https:\\\/\\\/radiolitoral.com\\\/#\\\/schema\\\/person\\\/7b1480b5caeb5acdd4ec6379caf62b22\"},\"headline\":\"P. Juanvi Ortol\u00e1 guanyador del Trofeu Campions d\u2019Acydma 2024\",\"datePublished\":\"2024-07-19T08:40:23+00:00\",\"dateModified\":\"2024-07-19T14:15:02+00:00\",\"mainEntityOfPage\":{\"@id\":\"https:\\\/\\\/radiolitoral.com\\\/2024\\\/07\\\/p-juanvi-ortola-guanyador-del-trofeu-campions-dacydma-2024\\\/\"},\"wordCount\":245,\"commentCount\":0,\"publisher\":{\"@id\":\"https:\\\/\\\/radiolitoral.com\\\/#organization\"},\"image\":{\"@id\":\"https:\\\/\\\/radiolitoral.com\\\/2024\\\/07\\\/p-juanvi-ortola-guanyador-del-trofeu-campions-dacydma-2024\\\/#primaryimage\"},\"thumbnailUrl\":\"https:\\\/\\\/media.radiolitoral.com\\\/wp-content\\\/uploads\\\/2024\\\/07\\\/19103923\\\/P.-Juanvi-Ortola.jpg\",\"keywords\":[\"Acydma\",\"Alberto\u00a0Portillo\",\"Associaci\u00f3 Cultural i Esportiva Marina Alta\",\"deportes\",\"pavell\u00f3 municipal de D\u00e9nia\",\"Valen Alcal\u00e1\"],\"articleSection\":[\"Deportes\"],\"inLanguage\":\"ca\",\"potentialAction\":[{\"@type\":\"CommentAction\",\"name\":\"Comment\",\"target\":[\"https:\\\/\\\/radiolitoral.com\\\/2024\\\/07\\\/p-juanvi-ortola-guanyador-del-trofeu-campions-dacydma-2024\\\/#respond\"]}]},{\"@type\":[\"WebPage\",\"ItemPage\"],\"@id\":\"https:\\\/\\\/radiolitoral.com\\\/2024\\\/07\\\/p-juanvi-ortola-guanyador-del-trofeu-campions-dacydma-2024\\\/\",\"url\":\"https:\\\/\\\/radiolitoral.com\\\/2024\\\/07\\\/p-juanvi-ortola-guanyador-del-trofeu-campions-dacydma-2024\\\/\",\"name\":\"P. Juanvi Ortol\u00e1 guanyador del Trofeu Campions d\u2019Acydma 2024 | R\u00e0dio Litoral\",\"isPartOf\":{\"@id\":\"https:\\\/\\\/radiolitoral.com\\\/#website\"},\"primaryImageOfPage\":{\"@id\":\"https:\\\/\\\/radiolitoral.com\\\/2024\\\/07\\\/p-juanvi-ortola-guanyador-del-trofeu-campions-dacydma-2024\\\/#primaryimage\"},\"image\":{\"@id\":\"https:\\\/\\\/radiolitoral.com\\\/2024\\\/07\\\/p-juanvi-ortola-guanyador-del-trofeu-campions-dacydma-2024\\\/#primaryimage\"},\"thumbnailUrl\":\"https:\\\/\\\/media.radiolitoral.com\\\/wp-content\\\/uploads\\\/2024\\\/07\\\/19103923\\\/P.-Juanvi-Ortola.jpg\",\"datePublished\":\"2024-07-19T08:40:23+00:00\",\"dateModified\":\"2024-07-19T14:15:02+00:00\",\"description\":\"Els xabieros van ser els dominadors en la segona mitat aconseguint el triomf final P. Juanvi Ortol\u00e1 prenc la iniciativa en el marcador obligant als dianenses a remuntar el xoc\",\"breadcrumb\":{\"@id\":\"https:\\\/\\\/radiolitoral.com\\\/2024\\\/07\\\/p-juanvi-ortola-guanyador-del-trofeu-campions-dacydma-2024\\\/#breadcrumb\"},\"inLanguage\":\"ca\",\"potentialAction\":[{\"@type\":\"ReadAction\",\"target\":[\"https:\\\/\\\/radiolitoral.com\\\/2024\\\/07\\\/p-juanvi-ortola-guanyador-del-trofeu-campions-dacydma-2024\\\/\"]}]},{\"@type\":\"ImageObject\",\"inLanguage\":\"ca\",\"@id\":\"https:\\\/\\\/radiolitoral.com\\\/2024\\\/07\\\/p-juanvi-ortola-guanyador-del-trofeu-campions-dacydma-2024\\\/#primaryimage\",\"url\":\"https:\\\/\\\/media.radiolitoral.com\\\/wp-content\\\/uploads\\\/2024\\\/07\\\/19103923\\\/P.-Juanvi-Ortola.jpg\",\"contentUrl\":\"https:\\\/\\\/media.radiolitoral.com\\\/wp-content\\\/uploads\\\/2024\\\/07\\\/19103923\\\/P.-Juanvi-Ortola.jpg\",\"width\":1452,\"height\":979},{\"@type\":\"BreadcrumbList\",\"@id\":\"https:\\\/\\\/radiolitoral.com\\\/2024\\\/07\\\/p-juanvi-ortola-guanyador-del-trofeu-campions-dacydma-2024\\\/#breadcrumb\",\"itemListElement\":[{\"@type\":\"ListItem\",\"position\":1,\"name\":\"Portada\",\"item\":\"https:\\\/\\\/radiolitoral.com\\\/\"},{\"@type\":\"ListItem\",\"position\":2,\"name\":\"P. Juanvi Ortol\u00e1 guanyador del Trofeu Campions d\u2019Acydma 2024\"}]},{\"@type\":\"WebSite\",\"@id\":\"https:\\\/\\\/radiolitoral.com\\\/#website\",\"url\":\"https:\\\/\\\/radiolitoral.com\\\/\",\"name\":\"Radio Litoral\",\"description\":\"La radio local de la Marina Alta\",\"publisher\":{\"@id\":\"https:\\\/\\\/radiolitoral.com\\\/#organization\"},\"alternateName\":\"Litoral FM\",\"potentialAction\":[{\"@type\":\"SearchAction\",\"target\":{\"@type\":\"EntryPoint\",\"urlTemplate\":\"https:\\\/\\\/radiolitoral.com\\\/?s={search_term_string}\"},\"query-input\":{\"@type\":\"PropertyValueSpecification\",\"valueRequired\":true,\"valueName\":\"search_term_string\"}}],\"inLanguage\":\"ca\"},{\"@type\":\"Organization\",\"@id\":\"https:\\\/\\\/radiolitoral.com\\\/#organization\",\"name\":\"Radio Litoral\",\"url\":\"https:\\\/\\\/radiolitoral.com\\\/\",\"logo\":{\"@type\":\"ImageObject\",\"inLanguage\":\"ca\",\"@id\":\"https:\\\/\\\/radiolitoral.com\\\/#\\\/schema\\\/logo\\\/image\\\/\",\"url\":\"https:\\\/\\\/media.radiolitoral.com\\\/wp-content\\\/uploads\\\/2023\\\/02\\\/24143238\\\/CL-V-RadioLitoral696.png\",\"contentUrl\":\"https:\\\/\\\/media.radiolitoral.com\\\/wp-content\\\/uploads\\\/2023\\\/02\\\/24143238\\\/CL-V-RadioLitoral696.png\",\"width\":696,\"height\":696,\"caption\":\"Radio Litoral\"},\"image\":{\"@id\":\"https:\\\/\\\/radiolitoral.com\\\/#\\\/schema\\\/logo\\\/image\\\/\"},\"sameAs\":[\"https:\\\/\\\/www.facebook.com\\\/Laradiolitoral\\\/\"]},{\"@type\":\"Person\",\"@id\":\"https:\\\/\\\/radiolitoral.com\\\/#\\\/schema\\\/person\\\/7b1480b5caeb5acdd4ec6379caf62b22\",\"name\":\"Javier Zamora\",\"image\":{\"@type\":\"ImageObject\",\"inLanguage\":\"ca\",\"@id\":\"https:\\\/\\\/secure.gravatar.com\\\/avatar\\\/467a11f6918c7d619c4043fc6fa2d3853053107973f05b6e9c04ea6c4e3a7b3f?s=96&d=mm&r=g\",\"url\":\"https:\\\/\\\/secure.gravatar.com\\\/avatar\\\/467a11f6918c7d619c4043fc6fa2d3853053107973f05b6e9c04ea6c4e3a7b3f?s=96&d=mm&r=g\",\"contentUrl\":\"https:\\\/\\\/secure.gravatar.com\\\/avatar\\\/467a11f6918c7d619c4043fc6fa2d3853053107973f05b6e9c04ea6c4e3a7b3f?s=96&d=mm&r=g\",\"caption\":\"Javier Zamora\"},\"url\":\"https:\\\/\\\/radiolitoral.com\\\/ca\\\/author\\\/javier-zamora\\\/\"}]}<\/script>\n<!-- \/ Yoast SEO plugin. -->","yoast_head_json":{"title":"P. Juanvi Ortol\u00e1 guanyador del Trofeu Campions d&#039;Acydma 2024 | R\u00e0dio Litoral","description":"Els xabiers van ser els dominadors a la segona meitat aconseguint el triomf final.","robots":{"index":"index","follow":"follow","max-snippet":"max-snippet:-1","max-image-preview":"max-image-preview:large","max-video-preview":"max-video-preview:-1"},"canonical":"https:\/\/radiolitoral.com\/ca\/2024\/07\/p-juanvi-ortola-guanyador-del-trofeu-campions-dacydma-2024\/","og_locale":"ca_ES","og_type":"article","og_title":"P. Juanvi Ortol\u00e1 guanyador del Trofeu Campions d\u2019Acydma 2024 | R\u00e0dio Litoral","og_description":"Els xabieros van ser els dominadors en la segona mitat aconseguint el triomf final P. Juanvi Ortol\u00e1 prenc la iniciativa en el marcador obligant als dianenses a remuntar el xoc","og_url":"https:\/\/radiolitoral.com\/ca\/2024\/07\/p-juanvi-ortola-guanyador-del-trofeu-campions-dacydma-2024\/","og_site_name":"R\u00e0dio Litoral","article_publisher":"https:\/\/www.facebook.com\/Laradiolitoral\/","article_published_time":"2024-07-19T08:40:23+00:00","article_modified_time":"2024-07-19T14:15:02+00:00","og_image":[{"width":1452,"height":979,"url":"https:\/\/media.radiolitoral.com\/wp-content\/uploads\/2024\/07\/19103923\/P.-Juanvi-Ortola.jpg","type":"image\/jpeg"}],"author":"Javier Zamora","twitter_card":"summary_large_image","twitter_misc":{"Escrit per":"Javier Zamora","Temps estimat de lectura":"2 minuts"},"schema":{"@context":"https:\/\/schema.org","@graph":[{"@type":"NewsArticle","@id":"https:\/\/radiolitoral.com\/2024\/07\/p-juanvi-ortola-guanyador-del-trofeu-campions-dacydma-2024\/#article","isPartOf":{"@id":"https:\/\/radiolitoral.com\/2024\/07\/p-juanvi-ortola-guanyador-del-trofeu-campions-dacydma-2024\/"},"author":{"name":"Javier Zamora","@id":"https:\/\/radiolitoral.com\/#\/schema\/person\/7b1480b5caeb5acdd4ec6379caf62b22"},"headline":"P. Juanvi Ortol\u00e1 guanyador del Trofeu Campions d\u2019Acydma 2024","datePublished":"2024-07-19T08:40:23+00:00","dateModified":"2024-07-19T14:15:02+00:00","mainEntityOfPage":{"@id":"https:\/\/radiolitoral.com\/2024\/07\/p-juanvi-ortola-guanyador-del-trofeu-campions-dacydma-2024\/"},"wordCount":245,"commentCount":0,"publisher":{"@id":"https:\/\/radiolitoral.com\/#organization"},"image":{"@id":"https:\/\/radiolitoral.com\/2024\/07\/p-juanvi-ortola-guanyador-del-trofeu-campions-dacydma-2024\/#primaryimage"},"thumbnailUrl":"https:\/\/media.radiolitoral.com\/wp-content\/uploads\/2024\/07\/19103923\/P.-Juanvi-Ortola.jpg","keywords":["Acydma","Alberto\u00a0Portillo","Associaci\u00f3 Cultural i Esportiva Marina Alta","deportes","pavell\u00f3 municipal de D\u00e9nia","Valen Alcal\u00e1"],"articleSection":["Deportes"],"inLanguage":"ca","potentialAction":[{"@type":"CommentAction","name":"Comment","target":["https:\/\/radiolitoral.com\/2024\/07\/p-juanvi-ortola-guanyador-del-trofeu-campions-dacydma-2024\/#respond"]}]},{"@type":["WebPage","ItemPage"],"@id":"https:\/\/radiolitoral.com\/2024\/07\/p-juanvi-ortola-guanyador-del-trofeu-campions-dacydma-2024\/","url":"https:\/\/radiolitoral.com\/2024\/07\/p-juanvi-ortola-guanyador-del-trofeu-campions-dacydma-2024\/","name":"P. Juanvi Ortol\u00e1 guanyador del Trofeu Campions d&#039;Acydma 2024 | R\u00e0dio Litoral","isPartOf":{"@id":"https:\/\/radiolitoral.com\/#website"},"primaryImageOfPage":{"@id":"https:\/\/radiolitoral.com\/2024\/07\/p-juanvi-ortola-guanyador-del-trofeu-campions-dacydma-2024\/#primaryimage"},"image":{"@id":"https:\/\/radiolitoral.com\/2024\/07\/p-juanvi-ortola-guanyador-del-trofeu-campions-dacydma-2024\/#primaryimage"},"thumbnailUrl":"https:\/\/media.radiolitoral.com\/wp-content\/uploads\/2024\/07\/19103923\/P.-Juanvi-Ortola.jpg","datePublished":"2024-07-19T08:40:23+00:00","dateModified":"2024-07-19T14:15:02+00:00","description":"Els xabiers van ser els dominadors a la segona meitat aconseguint el triomf final.","breadcrumb":{"@id":"https:\/\/radiolitoral.com\/2024\/07\/p-juanvi-ortola-guanyador-del-trofeu-campions-dacydma-2024\/#breadcrumb"},"inLanguage":"ca","potentialAction":[{"@type":"ReadAction","target":["https:\/\/radiolitoral.com\/2024\/07\/p-juanvi-ortola-guanyador-del-trofeu-campions-dacydma-2024\/"]}]},{"@type":"ImageObject","inLanguage":"ca","@id":"https:\/\/radiolitoral.com\/2024\/07\/p-juanvi-ortola-guanyador-del-trofeu-campions-dacydma-2024\/#primaryimage","url":"https:\/\/media.radiolitoral.com\/wp-content\/uploads\/2024\/07\/19103923\/P.-Juanvi-Ortola.jpg","contentUrl":"https:\/\/media.radiolitoral.com\/wp-content\/uploads\/2024\/07\/19103923\/P.-Juanvi-Ortola.jpg","width":1452,"height":979},{"@type":"BreadcrumbList","@id":"https:\/\/radiolitoral.com\/2024\/07\/p-juanvi-ortola-guanyador-del-trofeu-campions-dacydma-2024\/#breadcrumb","itemListElement":[{"@type":"ListItem","position":1,"name":"Portada","item":"https:\/\/radiolitoral.com\/"},{"@type":"ListItem","position":2,"name":"P. Juanvi Ortol\u00e1 guanyador del Trofeu Campions d\u2019Acydma 2024"}]},{"@type":"WebSite","@id":"https:\/\/radiolitoral.com\/#website","url":"https:\/\/radiolitoral.com\/","name":"R\u00e0dio Litoral","description":"La r\u00e0dio local de la Marina Alta","publisher":{"@id":"https:\/\/radiolitoral.com\/#organization"},"alternateName":"Litoral FM","potentialAction":[{"@type":"SearchAction","target":{"@type":"EntryPoint","urlTemplate":"https:\/\/radiolitoral.com\/?s={search_term_string}"},"query-input":{"@type":"PropertyValueSpecification","valueRequired":true,"valueName":"search_term_string"}}],"inLanguage":"ca"},{"@type":"Organization","@id":"https:\/\/radiolitoral.com\/#organization","name":"R\u00e0dio Litoral","url":"https:\/\/radiolitoral.com\/","logo":{"@type":"ImageObject","inLanguage":"ca","@id":"https:\/\/radiolitoral.com\/#\/schema\/logo\/image\/","url":"https:\/\/media.radiolitoral.com\/wp-content\/uploads\/2023\/02\/24143238\/CL-V-RadioLitoral696.png","contentUrl":"https:\/\/media.radiolitoral.com\/wp-content\/uploads\/2023\/02\/24143238\/CL-V-RadioLitoral696.png","width":696,"height":696,"caption":"Radio Litoral"},"image":{"@id":"https:\/\/radiolitoral.com\/#\/schema\/logo\/image\/"},"sameAs":["https:\/\/www.facebook.com\/Laradiolitoral\/"]},{"@type":"Person","@id":"https:\/\/radiolitoral.com\/#\/schema\/person\/7b1480b5caeb5acdd4ec6379caf62b22","name":"Javier Zamora","image":{"@type":"ImageObject","inLanguage":"ca","@id":"https:\/\/secure.gravatar.com\/avatar\/467a11f6918c7d619c4043fc6fa2d3853053107973f05b6e9c04ea6c4e3a7b3f?s=96&d=mm&r=g","url":"https:\/\/secure.gravatar.com\/avatar\/467a11f6918c7d619c4043fc6fa2d3853053107973f05b6e9c04ea6c4e3a7b3f?s=96&d=mm&r=g","contentUrl":"https:\/\/secure.gravatar.com\/avatar\/467a11f6918c7d619c4043fc6fa2d3853053107973f05b6e9c04ea6c4e3a7b3f?s=96&d=mm&r=g","caption":"Javier Zamora"},"url":"https:\/\/radiolitoral.com\/ca\/author\/javier-zamora\/"}]}},"_links":{"self":[{"href":"https:\/\/radiolitoral.com\/ca\/wp-json\/wp\/v2\/posts\/10128","targetHints":{"allow":["GET"]}}],"collection":[{"href":"https:\/\/radiolitoral.com\/ca\/wp-json\/wp\/v2\/posts"}],"about":[{"href":"https:\/\/radiolitoral.com\/ca\/wp-json\/wp\/v2\/types\/post"}],"author":[{"embeddable":true,"href":"https:\/\/radiolitoral.com\/ca\/wp-json\/wp\/v2\/users\/12"}],"replies":[{"embeddable":true,"href":"https:\/\/radiolitoral.com\/ca\/wp-json\/wp\/v2\/comments?post=10128"}],"version-history":[{"count":6,"href":"https:\/\/radiolitoral.com\/ca\/wp-json\/wp\/v2\/posts\/10128\/revisions"}],"predecessor-version":[{"id":10159,"href":"https:\/\/radiolitoral.com\/ca\/wp-json\/wp\/v2\/posts\/10128\/revisions\/10159"}],"wp:featuredmedia":[{"embeddable":true,"href":"https:\/\/radiolitoral.com\/ca\/wp-json\/wp\/v2\/media\/10130"}],"wp:attachment":[{"href":"https:\/\/radiolitoral.com\/ca\/wp-json\/wp\/v2\/media?parent=10128"}],"wp:term":[{"taxonomy":"category","embeddable":true,"href":"https:\/\/radiolitoral.com\/ca\/wp-json\/wp\/v2\/categories?post=10128"},{"taxonomy":"post_tag","embeddable":true,"href":"https:\/\/radiolitoral.com\/ca\/wp-json\/wp\/v2\/tags?post=10128"}],"curies":[{"name":"wp","href":"https:\/\/api.w.org\/{rel}","templated":true}]}}