{"id":10122,"date":"2024-07-18T19:39:31","date_gmt":"2024-07-18T17:39:31","guid":{"rendered":"https:\/\/radiolitoral.com\/?p=10122"},"modified":"2024-07-18T19:39:31","modified_gmt":"2024-07-18T17:39:31","slug":"programacio-festes-de-sant-jaume-2024","status":"publish","type":"post","link":"https:\/\/radiolitoral.com\/ca\/2024\/07\/programacio-festes-de-sant-jaume-2024\/","title":{"rendered":"Programaci\u00f3 Festes de Sant Jaume 2024"},"content":{"rendered":"<p>Un any m\u00e9s tornen les festes de\u00a0<strong>Sant Jaume a Teulada<\/strong>\u00a0on es podr\u00e0 gaudir de diverses activitats i actuacions musicals. Els carrers dels teuladins s&#039;ompliran de festa i alegria.<\/p>\n<p>A m\u00e9s, hi haur\u00e0 vesprades de vaquets i meriendes a l&#039;aire lliure. Els actes tindran lloc\u00a0<strong>del 20 al 29 de juliol<\/strong>, a la\u00a0<strong>partida Benimarco<\/strong>.<\/p>\n<p><img loading=\"lazy\" decoding=\"async\" class=\"size-large wp-image-10124 aligncenter\" src=\"https:\/\/media.radiolitoral.com\/wp-content\/uploads\/2024\/07\/18193746\/451501821_887553260075521_4305190706755541069_n-721x1024.jpg\" alt=\"\" width=\"640\" height=\"909\" srcset=\"https:\/\/media.radiolitoral.com\/wp-content\/uploads\/2024\/07\/18193746\/451501821_887553260075521_4305190706755541069_n-721x1024.jpg 721w, https:\/\/media.radiolitoral.com\/wp-content\/uploads\/2024\/07\/18193746\/451501821_887553260075521_4305190706755541069_n-211x300.jpg 211w, https:\/\/media.radiolitoral.com\/wp-content\/uploads\/2024\/07\/18193746\/451501821_887553260075521_4305190706755541069_n-768x1092.jpg 768w, https:\/\/media.radiolitoral.com\/wp-content\/uploads\/2024\/07\/18193746\/451501821_887553260075521_4305190706755541069_n-1081x1536.jpg 1081w, https:\/\/media.radiolitoral.com\/wp-content\/uploads\/2024\/07\/18193746\/451501821_887553260075521_4305190706755541069_n-8x12.jpg 8w, https:\/\/media.radiolitoral.com\/wp-content\/uploads\/2024\/07\/18193746\/451501821_887553260075521_4305190706755541069_n-704x1000.jpg 704w, https:\/\/media.radiolitoral.com\/wp-content\/uploads\/2024\/07\/18193746\/451501821_887553260075521_4305190706755541069_n-70x100.jpg 70w, https:\/\/media.radiolitoral.com\/wp-content\/uploads\/2024\/07\/18193746\/451501821_887553260075521_4305190706755541069_n-141x200.jpg 141w, https:\/\/media.radiolitoral.com\/wp-content\/uploads\/2024\/07\/18193746\/451501821_887553260075521_4305190706755541069_n.jpg 1441w\" sizes=\"auto, (max-width: 640px) 100vw, 640px\" \/><\/p>\n<h2>Programaci\u00f3 &#039;Festes de Sant Jaume&#039;<\/h2>\n<p><strong>Dissabte, 20 de juliol<\/strong><br \/>\n\u2022 19:30h Tarda\/nit de cinqu\u00e8 i tapa.<\/p>\n<p><strong>Dimarts, 23 de juliol<\/strong><br \/>\n\u2022 19:00h Partida de pilota.<br \/>\n\u2022 22:30h Dinar de sobrequilla a la pla\u00e7a de l&#039;ermita amenitzada per DJ Ribess i espectacle sorpresa.<\/p>\n<p><strong>Dimecres, 24 de juliol<\/strong><br \/>\n\u2022 10:00h Tradicional plant\u00e0 del pi.<br \/>\n\u2022 19:30h Campionat de brisca.<br \/>\n\u2022 20:00h Passacarrer amb dol\u00e7aina i tabal i ofrena de jardins al patr\u00f3 Sant Jaume per tots els ve\u00efns que vulguen col\u00b7laborar.<br \/>\n\u2022 23:30h Gran berbena amenitzada per l&#039;orquestra Grupo Elite.<\/p>\n<p><strong>Dijous, 25 de juliol. Dia de Sant Jaume<\/strong><br \/>\n\u2022 08:00h Despertada a c\u00e0rrec de la comissi\u00f3 de festes acompanyada per la dol\u00e7aina i el tabal, amb xut de tronadors.<br \/>\n\u2022 11:00h Missa solemne en honor a Sant Jaume amb pres\u00e8ncia de la Pur\u00edssima Xiqueta, seguida de la tradicional process\u00f3 del Sant Patr\u00f3 acompanyat de la patrona de Benissa per la pla\u00e7a de l&#039;ermita. En finalitzar la process\u00f3, es cantaran els gojos.<br \/>\n\u2022 13:30h Tradicionals \u00abcarreres de galls\u00bb.<br \/>\n\u2022 18:30h Passacarrer humor\u00edstic. \u00c9s convida tots els ve\u00efns a participar.<br \/>\n\u2022 20:30h Actuaci\u00f3 del Grup de Danses a la Font Santa Teulada.<br \/>\n\u2022 23:30h Castell de focs artificials a c\u00e0rrec de la pirot\u00e8cnia Vulc\u00e0.<br \/>\n\u2022 23:45h Gran ball amenitzat per l&#039;orquestra Mare Selva.<\/p>\n<p><strong>Divendres, 26 de juliol<\/strong><br \/>\n\u2022 08:00h Despertada a c\u00e0rrec de la comissi\u00f3 de festes acompanyada per la xaranga i amb xut de tronadors.<br \/>\n\u2022 12:30h Actuaci\u00f3 sorpresa per amenitzar el concurs de paelles.<br \/>\n\u2022 13:00h Concurs de paelles.<br \/>\n\u2022 23:30h Vetllada musical a c\u00e0rrec del Grup Musical La Trampa.<\/p>\n<p><strong>Dissabte, 27 de juliol<\/strong><br \/>\n\u2022 19:00h Vesprades populars de vaquets i meriendes a l&#039;aire lliure.<\/p>\n<p><strong>Diumenge, 28 de juliol<\/strong><br \/>\n\u2022 19:00h Vesprades populars de vaquets i meriendes a l&#039;aire lliure.<\/p>\n<p><strong>Dilluns, 29 de juliol<\/strong><br \/>\n\u2022 19:00h Vesprades populars de vaquets i meriendes a l&#039;aire lliure.<\/p>","protected":false},"excerpt":{"rendered":"<p>Un any m\u00e9s tornen les festes de\u00a0Sant Jaume a Teulada\u00a0on es podr\u00e0 gaudir de diverses activitats i actuacions musicals. Els carrers dels teuladins s\u2019ompliran de festa i d\u2019alegria. A m\u00e9s a m\u00e9s, hi haur\u00e0 vesprades de vaquetes i berenars a l\u2019aire lliure. Els actes tindran lloc\u00a0del 20 al 29 de juliol, en la\u00a0partida Benimarco. Programaci\u00f3 [&#8230;]<\/p>\n<p><a class=\"btn btn-secondary understrap-read-more-link\" href=\"https:\/\/radiolitoral.com\/ca\/2024\/07\/programacio-festes-de-sant-jaume-2024\/\">Continua llegint&#8230;<span class=\"screen-reader-text\"> from Programaci\u00f3 Festes de Sant Jaume 2024<\/span><\/a><\/p>\n","protected":false},"author":14,"featured_media":10123,"comment_status":"open","ping_status":"closed","sticky":false,"template":"","format":"standard","meta":{"_acf_changed":false,"inline_featured_image":false,"footnotes":""},"categories":[276],"tags":[1561,1752,195],"class_list":["post-10122","post","type-post","status-publish","format-standard","has-post-thumbnail","hentry","category-fiestas","tag-festes","tag-sant-jaume-2024","tag-teulada-moraira","cobertura-teulada-moraira"],"acf":[],"yoast_head":"<!-- This site is optimized with the Yoast SEO plugin v27.5 - https:\/\/yoast.com\/product\/yoast-seo-wordpress\/ -->\n<title>Programaci\u00f3 Festes de Sant Jaume 2024 | R\u00e0dio Litoral<\/title>\n<meta name=\"description\" content=\"Teulada disfruta de diversos actes en la partida Benimarco del 20 al 29 de juliol\" \/>\n<meta name=\"robots\" content=\"index, follow, max-snippet:-1, max-image-preview:large, max-video-preview:-1\" \/>\n<link rel=\"canonical\" href=\"https:\/\/radiolitoral.com\/ca\/2024\/07\/programacio-festes-de-sant-jaume-2024\/\" \/>\n<meta property=\"og:locale\" content=\"ca_ES\" \/>\n<meta property=\"og:type\" content=\"article\" \/>\n<meta property=\"og:title\" content=\"Programaci\u00f3 Festes de Sant Jaume 2024 | R\u00e0dio Litoral\" \/>\n<meta property=\"og:description\" content=\"Teulada disfruta de diversos actes en la partida Benimarco del 20 al 29 de juliol\" \/>\n<meta property=\"og:url\" content=\"https:\/\/radiolitoral.com\/ca\/2024\/07\/programacio-festes-de-sant-jaume-2024\/\" \/>\n<meta property=\"og:site_name\" content=\"R\u00e0dio Litoral\" \/>\n<meta property=\"article:publisher\" content=\"https:\/\/www.facebook.com\/Laradiolitoral\/\" \/>\n<meta property=\"article:published_time\" content=\"2024-07-18T17:39:31+00:00\" \/>\n<meta property=\"og:image\" content=\"https:\/\/media.radiolitoral.com\/wp-content\/uploads\/2024\/07\/18193708\/festes-Sant-Jaume-e1721324244949.jpg\" \/>\n\t<meta property=\"og:image:width\" content=\"1127\" \/>\n\t<meta property=\"og:image:height\" content=\"700\" \/>\n\t<meta property=\"og:image:type\" content=\"image\/jpeg\" \/>\n<meta name=\"author\" content=\"Redacci\u00f3n\" \/>\n<meta name=\"twitter:card\" content=\"summary_large_image\" \/>\n<meta name=\"twitter:label1\" content=\"Escrit per\" \/>\n\t<meta name=\"twitter:data1\" content=\"Redacci\u00f3n\" \/>\n\t<meta name=\"twitter:label2\" content=\"Temps estimat de lectura\" \/>\n\t<meta name=\"twitter:data2\" content=\"3 minuts\" \/>\n<script type=\"application\/ld+json\" class=\"yoast-schema-graph\">{\"@context\":\"https:\\\/\\\/schema.org\",\"@graph\":[{\"@type\":\"NewsArticle\",\"@id\":\"https:\\\/\\\/radiolitoral.com\\\/2024\\\/07\\\/programacio-festes-de-sant-jaume-2024\\\/#article\",\"isPartOf\":{\"@id\":\"https:\\\/\\\/radiolitoral.com\\\/2024\\\/07\\\/programacio-festes-de-sant-jaume-2024\\\/\"},\"author\":{\"name\":\"Redacci\u00f3n\",\"@id\":\"https:\\\/\\\/radiolitoral.com\\\/#\\\/schema\\\/person\\\/96b739642eb3bedb532aac3812d23307\"},\"headline\":\"Programaci\u00f3 Festes de Sant Jaume 2024\",\"datePublished\":\"2024-07-18T17:39:31+00:00\",\"mainEntityOfPage\":{\"@id\":\"https:\\\/\\\/radiolitoral.com\\\/2024\\\/07\\\/programacio-festes-de-sant-jaume-2024\\\/\"},\"wordCount\":364,\"commentCount\":0,\"publisher\":{\"@id\":\"https:\\\/\\\/radiolitoral.com\\\/#organization\"},\"image\":{\"@id\":\"https:\\\/\\\/radiolitoral.com\\\/2024\\\/07\\\/programacio-festes-de-sant-jaume-2024\\\/#primaryimage\"},\"thumbnailUrl\":\"https:\\\/\\\/media.radiolitoral.com\\\/wp-content\\\/uploads\\\/2024\\\/07\\\/18193708\\\/festes-Sant-Jaume-e1721324244949.jpg\",\"keywords\":[\"Festes\",\"Sant Jaume 2024\",\"Teulada-Moraira\"],\"articleSection\":[\"Fiestas\"],\"inLanguage\":\"ca\",\"potentialAction\":[{\"@type\":\"CommentAction\",\"name\":\"Comment\",\"target\":[\"https:\\\/\\\/radiolitoral.com\\\/2024\\\/07\\\/programacio-festes-de-sant-jaume-2024\\\/#respond\"]}]},{\"@type\":[\"WebPage\",\"ItemPage\"],\"@id\":\"https:\\\/\\\/radiolitoral.com\\\/2024\\\/07\\\/programacio-festes-de-sant-jaume-2024\\\/\",\"url\":\"https:\\\/\\\/radiolitoral.com\\\/2024\\\/07\\\/programacio-festes-de-sant-jaume-2024\\\/\",\"name\":\"Programaci\u00f3 Festes de Sant Jaume 2024 | R\u00e0dio Litoral\",\"isPartOf\":{\"@id\":\"https:\\\/\\\/radiolitoral.com\\\/#website\"},\"primaryImageOfPage\":{\"@id\":\"https:\\\/\\\/radiolitoral.com\\\/2024\\\/07\\\/programacio-festes-de-sant-jaume-2024\\\/#primaryimage\"},\"image\":{\"@id\":\"https:\\\/\\\/radiolitoral.com\\\/2024\\\/07\\\/programacio-festes-de-sant-jaume-2024\\\/#primaryimage\"},\"thumbnailUrl\":\"https:\\\/\\\/media.radiolitoral.com\\\/wp-content\\\/uploads\\\/2024\\\/07\\\/18193708\\\/festes-Sant-Jaume-e1721324244949.jpg\",\"datePublished\":\"2024-07-18T17:39:31+00:00\",\"description\":\"Teulada disfruta de diversos actes en la partida Benimarco del 20 al 29 de juliol\",\"breadcrumb\":{\"@id\":\"https:\\\/\\\/radiolitoral.com\\\/2024\\\/07\\\/programacio-festes-de-sant-jaume-2024\\\/#breadcrumb\"},\"inLanguage\":\"ca\",\"potentialAction\":[{\"@type\":\"ReadAction\",\"target\":[\"https:\\\/\\\/radiolitoral.com\\\/2024\\\/07\\\/programacio-festes-de-sant-jaume-2024\\\/\"]}]},{\"@type\":\"ImageObject\",\"inLanguage\":\"ca\",\"@id\":\"https:\\\/\\\/radiolitoral.com\\\/2024\\\/07\\\/programacio-festes-de-sant-jaume-2024\\\/#primaryimage\",\"url\":\"https:\\\/\\\/media.radiolitoral.com\\\/wp-content\\\/uploads\\\/2024\\\/07\\\/18193708\\\/festes-Sant-Jaume-e1721324244949.jpg\",\"contentUrl\":\"https:\\\/\\\/media.radiolitoral.com\\\/wp-content\\\/uploads\\\/2024\\\/07\\\/18193708\\\/festes-Sant-Jaume-e1721324244949.jpg\",\"width\":1127,\"height\":700},{\"@type\":\"BreadcrumbList\",\"@id\":\"https:\\\/\\\/radiolitoral.com\\\/2024\\\/07\\\/programacio-festes-de-sant-jaume-2024\\\/#breadcrumb\",\"itemListElement\":[{\"@type\":\"ListItem\",\"position\":1,\"name\":\"Portada\",\"item\":\"https:\\\/\\\/radiolitoral.com\\\/\"},{\"@type\":\"ListItem\",\"position\":2,\"name\":\"Programaci\u00f3 Festes de Sant Jaume 2024\"}]},{\"@type\":\"WebSite\",\"@id\":\"https:\\\/\\\/radiolitoral.com\\\/#website\",\"url\":\"https:\\\/\\\/radiolitoral.com\\\/\",\"name\":\"Radio Litoral\",\"description\":\"La radio local de la Marina Alta\",\"publisher\":{\"@id\":\"https:\\\/\\\/radiolitoral.com\\\/#organization\"},\"alternateName\":\"Litoral FM\",\"potentialAction\":[{\"@type\":\"SearchAction\",\"target\":{\"@type\":\"EntryPoint\",\"urlTemplate\":\"https:\\\/\\\/radiolitoral.com\\\/?s={search_term_string}\"},\"query-input\":{\"@type\":\"PropertyValueSpecification\",\"valueRequired\":true,\"valueName\":\"search_term_string\"}}],\"inLanguage\":\"ca\"},{\"@type\":\"Organization\",\"@id\":\"https:\\\/\\\/radiolitoral.com\\\/#organization\",\"name\":\"Radio Litoral\",\"url\":\"https:\\\/\\\/radiolitoral.com\\\/\",\"logo\":{\"@type\":\"ImageObject\",\"inLanguage\":\"ca\",\"@id\":\"https:\\\/\\\/radiolitoral.com\\\/#\\\/schema\\\/logo\\\/image\\\/\",\"url\":\"https:\\\/\\\/media.radiolitoral.com\\\/wp-content\\\/uploads\\\/2023\\\/02\\\/24143238\\\/CL-V-RadioLitoral696.png\",\"contentUrl\":\"https:\\\/\\\/media.radiolitoral.com\\\/wp-content\\\/uploads\\\/2023\\\/02\\\/24143238\\\/CL-V-RadioLitoral696.png\",\"width\":696,\"height\":696,\"caption\":\"Radio Litoral\"},\"image\":{\"@id\":\"https:\\\/\\\/radiolitoral.com\\\/#\\\/schema\\\/logo\\\/image\\\/\"},\"sameAs\":[\"https:\\\/\\\/www.facebook.com\\\/Laradiolitoral\\\/\"]},{\"@type\":\"Person\",\"@id\":\"https:\\\/\\\/radiolitoral.com\\\/#\\\/schema\\\/person\\\/96b739642eb3bedb532aac3812d23307\",\"name\":\"Redacci\u00f3n\",\"image\":{\"@type\":\"ImageObject\",\"inLanguage\":\"ca\",\"@id\":\"https:\\\/\\\/secure.gravatar.com\\\/avatar\\\/30cd06129ee90411dd9c7cbdcf17464181d1a3c7b072e92070ea75a25cf0097e?s=96&d=mm&r=g\",\"url\":\"https:\\\/\\\/secure.gravatar.com\\\/avatar\\\/30cd06129ee90411dd9c7cbdcf17464181d1a3c7b072e92070ea75a25cf0097e?s=96&d=mm&r=g\",\"contentUrl\":\"https:\\\/\\\/secure.gravatar.com\\\/avatar\\\/30cd06129ee90411dd9c7cbdcf17464181d1a3c7b072e92070ea75a25cf0097e?s=96&d=mm&r=g\",\"caption\":\"Redacci\u00f3n\"},\"url\":\"https:\\\/\\\/radiolitoral.com\\\/ca\\\/author\\\/kevin-carrio\\\/\"}]}<\/script>\n<!-- \/ Yoast SEO plugin. -->","yoast_head_json":{"title":"Programaci\u00f3 Festes de Sant Jaume 2024 | R\u00e0dio Litoral","description":"Teulada gaudeix de diversos actes a la partida Benimarco del 20 al 29 de juliol","robots":{"index":"index","follow":"follow","max-snippet":"max-snippet:-1","max-image-preview":"max-image-preview:large","max-video-preview":"max-video-preview:-1"},"canonical":"https:\/\/radiolitoral.com\/ca\/2024\/07\/programacio-festes-de-sant-jaume-2024\/","og_locale":"ca_ES","og_type":"article","og_title":"Programaci\u00f3 Festes de Sant Jaume 2024 | R\u00e0dio Litoral","og_description":"Teulada disfruta de diversos actes en la partida Benimarco del 20 al 29 de juliol","og_url":"https:\/\/radiolitoral.com\/ca\/2024\/07\/programacio-festes-de-sant-jaume-2024\/","og_site_name":"R\u00e0dio Litoral","article_publisher":"https:\/\/www.facebook.com\/Laradiolitoral\/","article_published_time":"2024-07-18T17:39:31+00:00","og_image":[{"width":1127,"height":700,"url":"https:\/\/media.radiolitoral.com\/wp-content\/uploads\/2024\/07\/18193708\/festes-Sant-Jaume-e1721324244949.jpg","type":"image\/jpeg"}],"author":"Redacci\u00f3n","twitter_card":"summary_large_image","twitter_misc":{"Escrit per":"Redacci\u00f3n","Temps estimat de lectura":"3 minuts"},"schema":{"@context":"https:\/\/schema.org","@graph":[{"@type":"NewsArticle","@id":"https:\/\/radiolitoral.com\/2024\/07\/programacio-festes-de-sant-jaume-2024\/#article","isPartOf":{"@id":"https:\/\/radiolitoral.com\/2024\/07\/programacio-festes-de-sant-jaume-2024\/"},"author":{"name":"Redacci\u00f3n","@id":"https:\/\/radiolitoral.com\/#\/schema\/person\/96b739642eb3bedb532aac3812d23307"},"headline":"Programaci\u00f3 Festes de Sant Jaume 2024","datePublished":"2024-07-18T17:39:31+00:00","mainEntityOfPage":{"@id":"https:\/\/radiolitoral.com\/2024\/07\/programacio-festes-de-sant-jaume-2024\/"},"wordCount":364,"commentCount":0,"publisher":{"@id":"https:\/\/radiolitoral.com\/#organization"},"image":{"@id":"https:\/\/radiolitoral.com\/2024\/07\/programacio-festes-de-sant-jaume-2024\/#primaryimage"},"thumbnailUrl":"https:\/\/media.radiolitoral.com\/wp-content\/uploads\/2024\/07\/18193708\/festes-Sant-Jaume-e1721324244949.jpg","keywords":["Festes","Sant Jaume 2024","Teulada-Moraira"],"articleSection":["Fiestas"],"inLanguage":"ca","potentialAction":[{"@type":"CommentAction","name":"Comment","target":["https:\/\/radiolitoral.com\/2024\/07\/programacio-festes-de-sant-jaume-2024\/#respond"]}]},{"@type":["WebPage","ItemPage"],"@id":"https:\/\/radiolitoral.com\/2024\/07\/programacio-festes-de-sant-jaume-2024\/","url":"https:\/\/radiolitoral.com\/2024\/07\/programacio-festes-de-sant-jaume-2024\/","name":"Programaci\u00f3 Festes de Sant Jaume 2024 | R\u00e0dio Litoral","isPartOf":{"@id":"https:\/\/radiolitoral.com\/#website"},"primaryImageOfPage":{"@id":"https:\/\/radiolitoral.com\/2024\/07\/programacio-festes-de-sant-jaume-2024\/#primaryimage"},"image":{"@id":"https:\/\/radiolitoral.com\/2024\/07\/programacio-festes-de-sant-jaume-2024\/#primaryimage"},"thumbnailUrl":"https:\/\/media.radiolitoral.com\/wp-content\/uploads\/2024\/07\/18193708\/festes-Sant-Jaume-e1721324244949.jpg","datePublished":"2024-07-18T17:39:31+00:00","description":"Teulada gaudeix de diversos actes a la partida Benimarco del 20 al 29 de juliol","breadcrumb":{"@id":"https:\/\/radiolitoral.com\/2024\/07\/programacio-festes-de-sant-jaume-2024\/#breadcrumb"},"inLanguage":"ca","potentialAction":[{"@type":"ReadAction","target":["https:\/\/radiolitoral.com\/2024\/07\/programacio-festes-de-sant-jaume-2024\/"]}]},{"@type":"ImageObject","inLanguage":"ca","@id":"https:\/\/radiolitoral.com\/2024\/07\/programacio-festes-de-sant-jaume-2024\/#primaryimage","url":"https:\/\/media.radiolitoral.com\/wp-content\/uploads\/2024\/07\/18193708\/festes-Sant-Jaume-e1721324244949.jpg","contentUrl":"https:\/\/media.radiolitoral.com\/wp-content\/uploads\/2024\/07\/18193708\/festes-Sant-Jaume-e1721324244949.jpg","width":1127,"height":700},{"@type":"BreadcrumbList","@id":"https:\/\/radiolitoral.com\/2024\/07\/programacio-festes-de-sant-jaume-2024\/#breadcrumb","itemListElement":[{"@type":"ListItem","position":1,"name":"Portada","item":"https:\/\/radiolitoral.com\/"},{"@type":"ListItem","position":2,"name":"Programaci\u00f3 Festes de Sant Jaume 2024"}]},{"@type":"WebSite","@id":"https:\/\/radiolitoral.com\/#website","url":"https:\/\/radiolitoral.com\/","name":"R\u00e0dio Litoral","description":"La r\u00e0dio local de la Marina Alta","publisher":{"@id":"https:\/\/radiolitoral.com\/#organization"},"alternateName":"Litoral FM","potentialAction":[{"@type":"SearchAction","target":{"@type":"EntryPoint","urlTemplate":"https:\/\/radiolitoral.com\/?s={search_term_string}"},"query-input":{"@type":"PropertyValueSpecification","valueRequired":true,"valueName":"search_term_string"}}],"inLanguage":"ca"},{"@type":"Organization","@id":"https:\/\/radiolitoral.com\/#organization","name":"R\u00e0dio Litoral","url":"https:\/\/radiolitoral.com\/","logo":{"@type":"ImageObject","inLanguage":"ca","@id":"https:\/\/radiolitoral.com\/#\/schema\/logo\/image\/","url":"https:\/\/media.radiolitoral.com\/wp-content\/uploads\/2023\/02\/24143238\/CL-V-RadioLitoral696.png","contentUrl":"https:\/\/media.radiolitoral.com\/wp-content\/uploads\/2023\/02\/24143238\/CL-V-RadioLitoral696.png","width":696,"height":696,"caption":"Radio Litoral"},"image":{"@id":"https:\/\/radiolitoral.com\/#\/schema\/logo\/image\/"},"sameAs":["https:\/\/www.facebook.com\/Laradiolitoral\/"]},{"@type":"Person","@id":"https:\/\/radiolitoral.com\/#\/schema\/person\/96b739642eb3bedb532aac3812d23307","name":"Redacci\u00f3","image":{"@type":"ImageObject","inLanguage":"ca","@id":"https:\/\/secure.gravatar.com\/avatar\/30cd06129ee90411dd9c7cbdcf17464181d1a3c7b072e92070ea75a25cf0097e?s=96&d=mm&r=g","url":"https:\/\/secure.gravatar.com\/avatar\/30cd06129ee90411dd9c7cbdcf17464181d1a3c7b072e92070ea75a25cf0097e?s=96&d=mm&r=g","contentUrl":"https:\/\/secure.gravatar.com\/avatar\/30cd06129ee90411dd9c7cbdcf17464181d1a3c7b072e92070ea75a25cf0097e?s=96&d=mm&r=g","caption":"Redacci\u00f3n"},"url":"https:\/\/radiolitoral.com\/ca\/author\/kevin-carrio\/"}]}},"_links":{"self":[{"href":"https:\/\/radiolitoral.com\/ca\/wp-json\/wp\/v2\/posts\/10122","targetHints":{"allow":["GET"]}}],"collection":[{"href":"https:\/\/radiolitoral.com\/ca\/wp-json\/wp\/v2\/posts"}],"about":[{"href":"https:\/\/radiolitoral.com\/ca\/wp-json\/wp\/v2\/types\/post"}],"author":[{"embeddable":true,"href":"https:\/\/radiolitoral.com\/ca\/wp-json\/wp\/v2\/users\/14"}],"replies":[{"embeddable":true,"href":"https:\/\/radiolitoral.com\/ca\/wp-json\/wp\/v2\/comments?post=10122"}],"version-history":[{"count":1,"href":"https:\/\/radiolitoral.com\/ca\/wp-json\/wp\/v2\/posts\/10122\/revisions"}],"predecessor-version":[{"id":10125,"href":"https:\/\/radiolitoral.com\/ca\/wp-json\/wp\/v2\/posts\/10122\/revisions\/10125"}],"wp:featuredmedia":[{"embeddable":true,"href":"https:\/\/radiolitoral.com\/ca\/wp-json\/wp\/v2\/media\/10123"}],"wp:attachment":[{"href":"https:\/\/radiolitoral.com\/ca\/wp-json\/wp\/v2\/media?parent=10122"}],"wp:term":[{"taxonomy":"category","embeddable":true,"href":"https:\/\/radiolitoral.com\/ca\/wp-json\/wp\/v2\/categories?post=10122"},{"taxonomy":"post_tag","embeddable":true,"href":"https:\/\/radiolitoral.com\/ca\/wp-json\/wp\/v2\/tags?post=10122"}],"curies":[{"name":"wp","href":"https:\/\/api.w.org\/{rel}","templated":true}]}}