{"id":10028,"date":"2024-07-15T18:22:28","date_gmt":"2024-07-15T16:22:28","guid":{"rendered":"https:\/\/radiolitoral.com\/?p=10028"},"modified":"2024-07-15T18:22:28","modified_gmt":"2024-07-15T16:22:28","slug":"benitatxell-es-prepara-per-a-les-festes-de-santa-maria-magdalena-2024","status":"publish","type":"post","link":"https:\/\/radiolitoral.com\/ca\/2024\/07\/benitatxell-es-prepara-per-a-les-festes-de-santa-maria-magdalena-2024\/","title":{"rendered":"Benitatxell es prepara per a les festes de Santa Maria Magdalena 2024"},"content":{"rendered":"<p>El Poble Nou de Benitatxell est\u00e0 a punt per viure una nova edici\u00f3 de les festes de<strong> Santa Maria Magdalena<\/strong>, que es celebressin del <strong>18 al 31 de juliol<\/strong>. Aquestes festes, que compten amb una gran tradici\u00f3 i arrelament a la localitat, inclouen un ampli programa d&#039;activitats que faran gaudir a ve\u00efns i visitants.<\/p>\n<p>El programa festiu s&#039;iniciar\u00e0 amb el tradicional preg\u00f3, seguit de nombrosos actes religiosos, culturals i esportius. Destaquen els cercaviles, processons, actuacions musicals i els espectacles pirot\u00e8cnics que il\u00b7luminaran les nits de Benitatxell.<\/p>\n<h2>Presentaci\u00f3 dels Festers 2024<\/h2>\n<p><strong>El dissabte 20<\/strong>\u00a0ser\u00e0 un dia d&#039;estrenes a la programaci\u00f3, amb dos actes nous m\u00e9s abans celebrats: la Tarda d&#039;Albaes als festers i festers 2024 amb els cantadors Xavi de B\u00e9tera i Maris\u00e9 de Monteolivete i el versador Voro de Paterna, acompanyats per la Colla La Llebetj\u00e0, i l&#039;espectacle de rock simf\u00f2nic &#039;We will band you&#039; a c\u00e0rrec de Fil Music Prod. i la Banda de M\u00fasica del Poble Nou de Benitatxell.<\/p>\n<figure id=\"attachment_40518\" class=\"wp-caption aligncenter\" aria-describedby=\"caption-attachment-40518\"><figcaption id=\"caption-attachment-40518\" class=\"wp-caption-text\">\n<figure id=\"attachment_10029\" aria-describedby=\"caption-attachment-10029\" style=\"width: 640px\" class=\"wp-caption alignnone\"><img loading=\"lazy\" decoding=\"async\" class=\"size-large wp-image-10029\" src=\"https:\/\/media.radiolitoral.com\/wp-content\/uploads\/2024\/07\/15181537\/1.Foto-saluda-Festers-principal-1024x819.jpg\" alt=\"\" width=\"640\" height=\"512\" srcset=\"https:\/\/media.radiolitoral.com\/wp-content\/uploads\/2024\/07\/15181537\/1.Foto-saluda-Festers-principal-1024x819.jpg 1024w, https:\/\/media.radiolitoral.com\/wp-content\/uploads\/2024\/07\/15181537\/1.Foto-saluda-Festers-principal-300x240.jpg 300w, https:\/\/media.radiolitoral.com\/wp-content\/uploads\/2024\/07\/15181537\/1.Foto-saluda-Festers-principal-768x614.jpg 768w, https:\/\/media.radiolitoral.com\/wp-content\/uploads\/2024\/07\/15181537\/1.Foto-saluda-Festers-principal-1536x1229.jpg 1536w, https:\/\/media.radiolitoral.com\/wp-content\/uploads\/2024\/07\/15181537\/1.Foto-saluda-Festers-principal-2048x1638.jpg 2048w, https:\/\/media.radiolitoral.com\/wp-content\/uploads\/2024\/07\/15181537\/1.Foto-saluda-Festers-principal-15x12.jpg 15w, https:\/\/media.radiolitoral.com\/wp-content\/uploads\/2024\/07\/15181537\/1.Foto-saluda-Festers-principal-1000x800.jpg 1000w, https:\/\/media.radiolitoral.com\/wp-content\/uploads\/2024\/07\/15181537\/1.Foto-saluda-Festers-principal-100x80.jpg 100w, https:\/\/media.radiolitoral.com\/wp-content\/uploads\/2024\/07\/15181537\/1.Foto-saluda-Festers-principal-200x160.jpg 200w\" sizes=\"auto, (max-width: 640px) 100vw, 640px\" \/><figcaption id=\"caption-attachment-10029\" class=\"wp-caption-text\">Festers 2024 | Aj. El Poble Nou de Benitatxell<\/figcaption><\/figure>\n<\/figcaption><\/figure>\n<p><strong>La presentaci\u00f3 dels festers 2024<\/strong>\u00a0&#039;La Cornet\u00e0&#039; i l&#039;actuaci\u00f3 de l&#039;orquestra La M\u00f2naco Party\u00a0<strong>el diumenge 21 de juliol<\/strong>\u00a0obriran una programaci\u00f3 intensa que inclour\u00e0 orquestres, partides de pilota valenciana, mascletats, paelles gegants, cenas populars, activitats infantils, actuacions de DJ i festejos taurins, entre d&#039;altres.<\/p>\n<p>El\u00a0<strong>dilluns 22 de juliol<\/strong>, dia de la patrona Santa Maria Magdalena, ser\u00e0 el dia m\u00e9s solemne amb volteig de campans, cercaviles, missa, bombardeig aeri i process\u00f3. La jornada culminar\u00e0 amb una gran masclet\u00e0 pirodigital vertical, que ser\u00e0 un gran \u00e8xit l&#039;any passat, i posteriorment actuar\u00e0 l&#039;orquestra La Pato.<\/p>\n<p>El\u00a0<strong>dimarts 23 de juliol<\/strong>\u00a0hi haur\u00e0 despert\u00e0, cercavila, missa i el tradicional concurs de fideu\u00e0 i allioli amb premis de 100, 75 i 50 euros a les millors fideues, i 50, 30 i 20 euros al millor allioli. A la tarda, atenent les propostes del Consell de la Inf\u00e0ncia i l&#039;Adolesc\u00e8ncia, s&#039;ha preparat una activitat per al p\u00fablic jove consistent en una discom\u00f2bil juvenil i un taller de c\u00f2ctels 0,0 que seguir\u00e0 amb la festa de l&#039;escuma. Per la nit, actuar\u00e0 l&#039;orquestra Retropop.<\/p>\n<p><img loading=\"lazy\" decoding=\"async\" class=\"size-large wp-image-40521 aligncenter\" src=\"https:\/\/media.marinaalta.es\/wp-content\/uploads\/2024\/07\/15170641\/rock-sinfonic-705x1024.jpeg\" sizes=\"auto, (max-width: 640px) 100vw, 640px\" srcset=\"https:\/\/media.marinaalta.es\/wp-content\/uploads\/2024\/07\/15170641\/rock-sinfonic-705x1024.jpeg 705w, https:\/\/media.marinaalta.es\/wp-content\/uploads\/2024\/07\/15170641\/rock-sinfonic-206x300.jpeg 206w, https:\/\/media.marinaalta.es\/wp-content\/uploads\/2024\/07\/15170641\/rock-sinfonic-768x1116.jpeg 768w, https:\/\/media.marinaalta.es\/wp-content\/uploads\/2024\/07\/15170641\/rock-sinfonic-1057x1536.jpeg 1057w, https:\/\/media.marinaalta.es\/wp-content\/uploads\/2024\/07\/15170641\/rock-sinfonic-337x490.jpeg 337w, https:\/\/media.marinaalta.es\/wp-content\/uploads\/2024\/07\/15170641\/rock-sinfonic.jpeg 1101w\" alt=\"\" width=\"640\" height=\"930\" \/><\/p>\n<p>El\u00a0<strong>mi\u00e9rcoles 24<\/strong>, dia de Sant Crist\u00f2fol, la festa continuar\u00e0 amb despertada, cercavila, missa, la paella gegant per tot el poble i la festa Holi per la tarda. A la nit es celebrar\u00e0 la desfilada de carrossos a les 23:00h, amb premis de 250, 150 i 100 euros per als m\u00e9s originals. En finalitzar, hi haur\u00e0 discom\u00f2bil Tumbalea Revolution.<\/p>\n<p>Els xiquets i xiquetes seran protagonistes el\u00a0<strong>jueves 25<\/strong>\u00a0pel mat\u00ed amb el parc infantil, mentre els festers i festers tenen cercavila i missa. A la tarda hi haur\u00e0 partida de pilota valenciana a l&#039;avinguda de Val\u00e8ncia, i els actes religiosos continuaran amb la solemne processament en honor a Sant Jaume. A la nit s&#039;oferir\u00e0 el musical &#039;Operaci\u00f3 Homenatge&#039; a OT amb la participaci\u00f3 de Sandra Polop i es presentaran els festers i festers de les festes de 2025. A les 2:00h hi haur\u00e0 actuaci\u00f3 de DJ.<\/p>\n<p><img loading=\"lazy\" decoding=\"async\" class=\"size-large wp-image-40519 aligncenter\" src=\"https:\/\/media.marinaalta.es\/wp-content\/uploads\/2024\/07\/15170634\/CARTELL-PUNT-VIOLETA-BENITATXELL-1024x1024.jpg\" sizes=\"auto, (max-width: 640px) 100vw, 640px\" srcset=\"https:\/\/media.marinaalta.es\/wp-content\/uploads\/2024\/07\/15170634\/CARTELL-PUNT-VIOLETA-BENITATXELL-1024x1024.jpg 1024w, https:\/\/media.marinaalta.es\/wp-content\/uploads\/2024\/07\/15170634\/CARTELL-PUNT-VIOLETA-BENITATXELL-300x300.jpg 300w, https:\/\/media.marinaalta.es\/wp-content\/uploads\/2024\/07\/15170634\/CARTELL-PUNT-VIOLETA-BENITATXELL-150x150.jpg 150w, https:\/\/media.marinaalta.es\/wp-content\/uploads\/2024\/07\/15170634\/CARTELL-PUNT-VIOLETA-BENITATXELL-768x768.jpg 768w, https:\/\/media.marinaalta.es\/wp-content\/uploads\/2024\/07\/15170634\/CARTELL-PUNT-VIOLETA-BENITATXELL-490x490.jpg 490w, https:\/\/media.marinaalta.es\/wp-content\/uploads\/2024\/07\/15170634\/CARTELL-PUNT-VIOLETA-BENITATXELL-1000x1000.jpg 1000w, https:\/\/media.marinaalta.es\/wp-content\/uploads\/2024\/07\/15170634\/CARTELL-PUNT-VIOLETA-BENITATXELL-100x100.jpg 100w, https:\/\/media.marinaalta.es\/wp-content\/uploads\/2024\/07\/15170634\/CARTELL-PUNT-VIOLETA-BENITATXELL-400x400.jpg 400w, https:\/\/media.marinaalta.es\/wp-content\/uploads\/2024\/07\/15170634\/CARTELL-PUNT-VIOLETA-BENITATXELL.jpg 1080w\" alt=\"\" width=\"640\" height=\"640\" \/><\/p>\n<h2>Festejos Taurins<\/h2>\n<p>A partir del\u00a0<strong>divendres 26<\/strong>\u00a0de juliol, i fins al\u00a0<strong>mi\u00e9rcoles 31<\/strong>\u00a0de juliol (a excepci\u00f3 del dissabte de Quintades), comen\u00e7aran les festes taurines i les sopars populars amb repartiment a c\u00e0rrec dels festers d&#039;aigua de Val\u00e8ncia, coca maria i mistela, mel\u00f3 d&#039;alger, cervesa i papes o coques per a tot el poble les diferents nits. Benavent, La Paloma, Els Coves i La Germandat seran les ramaderies convidades.<\/p>\n<p>Un dels dies m\u00e9s esperats arribar\u00e0 el\u00a0<strong>dissabte 27 de juliol<\/strong>\u00a0amb el Dia de les Quintades. Al mat\u00ed hi haur\u00e0 despertada, bou mec\u00e0nic, inflables i wipe-out i, a partir de les 13:00h, es concentraran les Quintades al carrer la Pau. A la tarda actuar\u00e0 l&#039;orquestra La Festa a les 18:00h a la pla\u00e7a de les Pesqueres i, en finalitzar, el DJ Rafa Puro. El Correfocs a c\u00e0rrec de la Colla de Dimonis de Mislata posar\u00e0 el fermall final a les festes<strong>\u00a0mi\u00e9rcoles 31<\/strong>\u00a0a les 00:00h.<\/p>","protected":false},"excerpt":{"rendered":"<p>El Poble Nou de Benitatxell est\u00e0 a punt per a viure una nova edici\u00f3 de les festes de Santa Maria Magdalena, que es celebraran del 18 al 31 de juliol. Aquestes festes, que compten amb una gran tradici\u00f3 i arrelament en la localitat, inclouen un ampli programa d&#8217;activitats que faran gaudir a ve\u00efns i visitants. [&#8230;]<\/p>\n<p><a class=\"btn btn-secondary understrap-read-more-link\" href=\"https:\/\/radiolitoral.com\/ca\/2024\/07\/benitatxell-es-prepara-per-a-les-festes-de-santa-maria-magdalena-2024\/\">Continua llegint&#8230;<span class=\"screen-reader-text\"> from Benitatxell es prepara per a les festes de Santa Maria Magdalena 2024<\/span><\/a><\/p>\n","protected":false},"author":14,"featured_media":10029,"comment_status":"open","ping_status":"closed","sticky":false,"template":"","format":"standard","meta":{"_acf_changed":false,"inline_featured_image":false,"footnotes":""},"categories":[276],"tags":[184,1561,1714],"class_list":["post-10028","post","type-post","status-publish","format-standard","has-post-thumbnail","hentry","category-fiestas","tag-benitatxell","tag-festes","tag-santa-maria-magdalena-2024","cobertura-poble-nou-de-benitatxell"],"acf":[],"yoast_head":"<!-- This site is optimized with the Yoast SEO plugin v27.5 - https:\/\/yoast.com\/product\/yoast-seo-wordpress\/ -->\n<title>Benitatxell es prepara per a les festes de Santa Maria Magdalena 2024 | R\u00e0dio Litoral<\/title>\n<meta name=\"description\" content=\"El programa es celebra del 18 al 31 de juliol\" \/>\n<meta name=\"robots\" content=\"index, follow, max-snippet:-1, max-image-preview:large, max-video-preview:-1\" \/>\n<link rel=\"canonical\" href=\"https:\/\/radiolitoral.com\/ca\/2024\/07\/benitatxell-es-prepara-per-a-les-festes-de-santa-maria-magdalena-2024\/\" \/>\n<meta property=\"og:locale\" content=\"ca_ES\" \/>\n<meta property=\"og:type\" content=\"article\" \/>\n<meta property=\"og:title\" content=\"Benitatxell es prepara per a les festes de Santa Maria Magdalena 2024 | R\u00e0dio Litoral\" \/>\n<meta property=\"og:description\" content=\"El programa es celebra del 18 al 31 de juliol\" \/>\n<meta property=\"og:url\" content=\"https:\/\/radiolitoral.com\/ca\/2024\/07\/benitatxell-es-prepara-per-a-les-festes-de-santa-maria-magdalena-2024\/\" \/>\n<meta property=\"og:site_name\" content=\"R\u00e0dio Litoral\" \/>\n<meta property=\"article:publisher\" content=\"https:\/\/www.facebook.com\/Laradiolitoral\/\" \/>\n<meta property=\"article:published_time\" content=\"2024-07-15T16:22:28+00:00\" \/>\n<meta property=\"og:image\" content=\"https:\/\/media.radiolitoral.com\/wp-content\/uploads\/2024\/07\/15181537\/1.Foto-saluda-Festers-principal-scaled.jpg\" \/>\n\t<meta property=\"og:image:width\" content=\"2560\" \/>\n\t<meta property=\"og:image:height\" content=\"2048\" \/>\n\t<meta property=\"og:image:type\" content=\"image\/jpeg\" \/>\n<meta name=\"author\" content=\"Redacci\u00f3n\" \/>\n<meta name=\"twitter:card\" content=\"summary_large_image\" \/>\n<meta name=\"twitter:label1\" content=\"Escrit per\" \/>\n\t<meta name=\"twitter:data1\" content=\"Redacci\u00f3n\" \/>\n\t<meta name=\"twitter:label2\" content=\"Temps estimat de lectura\" \/>\n\t<meta name=\"twitter:data2\" content=\"4 minuts\" \/>\n<script type=\"application\/ld+json\" class=\"yoast-schema-graph\">{\"@context\":\"https:\\\/\\\/schema.org\",\"@graph\":[{\"@type\":\"NewsArticle\",\"@id\":\"https:\\\/\\\/radiolitoral.com\\\/2024\\\/07\\\/benitatxell-es-prepara-per-a-les-festes-de-santa-maria-magdalena-2024\\\/#article\",\"isPartOf\":{\"@id\":\"https:\\\/\\\/radiolitoral.com\\\/2024\\\/07\\\/benitatxell-es-prepara-per-a-les-festes-de-santa-maria-magdalena-2024\\\/\"},\"author\":{\"name\":\"Redacci\u00f3n\",\"@id\":\"https:\\\/\\\/radiolitoral.com\\\/#\\\/schema\\\/person\\\/96b739642eb3bedb532aac3812d23307\"},\"headline\":\"Benitatxell es prepara per a les festes de Santa Maria Magdalena 2024\",\"datePublished\":\"2024-07-15T16:22:28+00:00\",\"mainEntityOfPage\":{\"@id\":\"https:\\\/\\\/radiolitoral.com\\\/2024\\\/07\\\/benitatxell-es-prepara-per-a-les-festes-de-santa-maria-magdalena-2024\\\/\"},\"wordCount\":691,\"commentCount\":0,\"publisher\":{\"@id\":\"https:\\\/\\\/radiolitoral.com\\\/#organization\"},\"image\":{\"@id\":\"https:\\\/\\\/radiolitoral.com\\\/2024\\\/07\\\/benitatxell-es-prepara-per-a-les-festes-de-santa-maria-magdalena-2024\\\/#primaryimage\"},\"thumbnailUrl\":\"https:\\\/\\\/media.radiolitoral.com\\\/wp-content\\\/uploads\\\/2024\\\/07\\\/15181537\\\/1.Foto-saluda-Festers-principal-scaled.jpg\",\"keywords\":[\"Benitatxell\",\"Festes\",\"Santa Mar\u00eda Magdalena 2024\"],\"articleSection\":[\"Fiestas\"],\"inLanguage\":\"ca\",\"potentialAction\":[{\"@type\":\"CommentAction\",\"name\":\"Comment\",\"target\":[\"https:\\\/\\\/radiolitoral.com\\\/2024\\\/07\\\/benitatxell-es-prepara-per-a-les-festes-de-santa-maria-magdalena-2024\\\/#respond\"]}]},{\"@type\":[\"WebPage\",\"ItemPage\"],\"@id\":\"https:\\\/\\\/radiolitoral.com\\\/2024\\\/07\\\/benitatxell-es-prepara-per-a-les-festes-de-santa-maria-magdalena-2024\\\/\",\"url\":\"https:\\\/\\\/radiolitoral.com\\\/2024\\\/07\\\/benitatxell-es-prepara-per-a-les-festes-de-santa-maria-magdalena-2024\\\/\",\"name\":\"Benitatxell es prepara per a les festes de Santa Maria Magdalena 2024 | R\u00e0dio Litoral\",\"isPartOf\":{\"@id\":\"https:\\\/\\\/radiolitoral.com\\\/#website\"},\"primaryImageOfPage\":{\"@id\":\"https:\\\/\\\/radiolitoral.com\\\/2024\\\/07\\\/benitatxell-es-prepara-per-a-les-festes-de-santa-maria-magdalena-2024\\\/#primaryimage\"},\"image\":{\"@id\":\"https:\\\/\\\/radiolitoral.com\\\/2024\\\/07\\\/benitatxell-es-prepara-per-a-les-festes-de-santa-maria-magdalena-2024\\\/#primaryimage\"},\"thumbnailUrl\":\"https:\\\/\\\/media.radiolitoral.com\\\/wp-content\\\/uploads\\\/2024\\\/07\\\/15181537\\\/1.Foto-saluda-Festers-principal-scaled.jpg\",\"datePublished\":\"2024-07-15T16:22:28+00:00\",\"description\":\"El programa es celebra del 18 al 31 de juliol\",\"breadcrumb\":{\"@id\":\"https:\\\/\\\/radiolitoral.com\\\/2024\\\/07\\\/benitatxell-es-prepara-per-a-les-festes-de-santa-maria-magdalena-2024\\\/#breadcrumb\"},\"inLanguage\":\"ca\",\"potentialAction\":[{\"@type\":\"ReadAction\",\"target\":[\"https:\\\/\\\/radiolitoral.com\\\/2024\\\/07\\\/benitatxell-es-prepara-per-a-les-festes-de-santa-maria-magdalena-2024\\\/\"]}]},{\"@type\":\"ImageObject\",\"inLanguage\":\"ca\",\"@id\":\"https:\\\/\\\/radiolitoral.com\\\/2024\\\/07\\\/benitatxell-es-prepara-per-a-les-festes-de-santa-maria-magdalena-2024\\\/#primaryimage\",\"url\":\"https:\\\/\\\/media.radiolitoral.com\\\/wp-content\\\/uploads\\\/2024\\\/07\\\/15181537\\\/1.Foto-saluda-Festers-principal-scaled.jpg\",\"contentUrl\":\"https:\\\/\\\/media.radiolitoral.com\\\/wp-content\\\/uploads\\\/2024\\\/07\\\/15181537\\\/1.Foto-saluda-Festers-principal-scaled.jpg\",\"width\":2560,\"height\":2048,\"caption\":\"Festers 2024 | Aj. El Poble Nou de Benitatxell\"},{\"@type\":\"BreadcrumbList\",\"@id\":\"https:\\\/\\\/radiolitoral.com\\\/2024\\\/07\\\/benitatxell-es-prepara-per-a-les-festes-de-santa-maria-magdalena-2024\\\/#breadcrumb\",\"itemListElement\":[{\"@type\":\"ListItem\",\"position\":1,\"name\":\"Portada\",\"item\":\"https:\\\/\\\/radiolitoral.com\\\/\"},{\"@type\":\"ListItem\",\"position\":2,\"name\":\"Benitatxell es prepara per a les festes de Santa Maria Magdalena 2024\"}]},{\"@type\":\"WebSite\",\"@id\":\"https:\\\/\\\/radiolitoral.com\\\/#website\",\"url\":\"https:\\\/\\\/radiolitoral.com\\\/\",\"name\":\"Radio Litoral\",\"description\":\"La radio local de la Marina Alta\",\"publisher\":{\"@id\":\"https:\\\/\\\/radiolitoral.com\\\/#organization\"},\"alternateName\":\"Litoral FM\",\"potentialAction\":[{\"@type\":\"SearchAction\",\"target\":{\"@type\":\"EntryPoint\",\"urlTemplate\":\"https:\\\/\\\/radiolitoral.com\\\/?s={search_term_string}\"},\"query-input\":{\"@type\":\"PropertyValueSpecification\",\"valueRequired\":true,\"valueName\":\"search_term_string\"}}],\"inLanguage\":\"ca\"},{\"@type\":\"Organization\",\"@id\":\"https:\\\/\\\/radiolitoral.com\\\/#organization\",\"name\":\"Radio Litoral\",\"url\":\"https:\\\/\\\/radiolitoral.com\\\/\",\"logo\":{\"@type\":\"ImageObject\",\"inLanguage\":\"ca\",\"@id\":\"https:\\\/\\\/radiolitoral.com\\\/#\\\/schema\\\/logo\\\/image\\\/\",\"url\":\"https:\\\/\\\/media.radiolitoral.com\\\/wp-content\\\/uploads\\\/2023\\\/02\\\/24143238\\\/CL-V-RadioLitoral696.png\",\"contentUrl\":\"https:\\\/\\\/media.radiolitoral.com\\\/wp-content\\\/uploads\\\/2023\\\/02\\\/24143238\\\/CL-V-RadioLitoral696.png\",\"width\":696,\"height\":696,\"caption\":\"Radio Litoral\"},\"image\":{\"@id\":\"https:\\\/\\\/radiolitoral.com\\\/#\\\/schema\\\/logo\\\/image\\\/\"},\"sameAs\":[\"https:\\\/\\\/www.facebook.com\\\/Laradiolitoral\\\/\"]},{\"@type\":\"Person\",\"@id\":\"https:\\\/\\\/radiolitoral.com\\\/#\\\/schema\\\/person\\\/96b739642eb3bedb532aac3812d23307\",\"name\":\"Redacci\u00f3n\",\"image\":{\"@type\":\"ImageObject\",\"inLanguage\":\"ca\",\"@id\":\"https:\\\/\\\/secure.gravatar.com\\\/avatar\\\/30cd06129ee90411dd9c7cbdcf17464181d1a3c7b072e92070ea75a25cf0097e?s=96&d=mm&r=g\",\"url\":\"https:\\\/\\\/secure.gravatar.com\\\/avatar\\\/30cd06129ee90411dd9c7cbdcf17464181d1a3c7b072e92070ea75a25cf0097e?s=96&d=mm&r=g\",\"contentUrl\":\"https:\\\/\\\/secure.gravatar.com\\\/avatar\\\/30cd06129ee90411dd9c7cbdcf17464181d1a3c7b072e92070ea75a25cf0097e?s=96&d=mm&r=g\",\"caption\":\"Redacci\u00f3n\"},\"url\":\"https:\\\/\\\/radiolitoral.com\\\/ca\\\/author\\\/kevin-carrio\\\/\"}]}<\/script>\n<!-- \/ Yoast SEO plugin. -->","yoast_head_json":{"title":"Benitatxell \u00e9s prepara per a les festes de Santa Maria Magdalena 2024 | R\u00e0dio Litoral","description":"El programa es celebra del 18 al 31 de juliol","robots":{"index":"index","follow":"follow","max-snippet":"max-snippet:-1","max-image-preview":"max-image-preview:large","max-video-preview":"max-video-preview:-1"},"canonical":"https:\/\/radiolitoral.com\/ca\/2024\/07\/benitatxell-es-prepara-per-a-les-festes-de-santa-maria-magdalena-2024\/","og_locale":"ca_ES","og_type":"article","og_title":"Benitatxell es prepara per a les festes de Santa Maria Magdalena 2024 | R\u00e0dio Litoral","og_description":"El programa es celebra del 18 al 31 de juliol","og_url":"https:\/\/radiolitoral.com\/ca\/2024\/07\/benitatxell-es-prepara-per-a-les-festes-de-santa-maria-magdalena-2024\/","og_site_name":"R\u00e0dio Litoral","article_publisher":"https:\/\/www.facebook.com\/Laradiolitoral\/","article_published_time":"2024-07-15T16:22:28+00:00","og_image":[{"width":2560,"height":2048,"url":"https:\/\/media.radiolitoral.com\/wp-content\/uploads\/2024\/07\/15181537\/1.Foto-saluda-Festers-principal-scaled.jpg","type":"image\/jpeg"}],"author":"Redacci\u00f3n","twitter_card":"summary_large_image","twitter_misc":{"Escrit per":"Redacci\u00f3n","Temps estimat de lectura":"4 minuts"},"schema":{"@context":"https:\/\/schema.org","@graph":[{"@type":"NewsArticle","@id":"https:\/\/radiolitoral.com\/2024\/07\/benitatxell-es-prepara-per-a-les-festes-de-santa-maria-magdalena-2024\/#article","isPartOf":{"@id":"https:\/\/radiolitoral.com\/2024\/07\/benitatxell-es-prepara-per-a-les-festes-de-santa-maria-magdalena-2024\/"},"author":{"name":"Redacci\u00f3n","@id":"https:\/\/radiolitoral.com\/#\/schema\/person\/96b739642eb3bedb532aac3812d23307"},"headline":"Benitatxell es prepara per a les festes de Santa Maria Magdalena 2024","datePublished":"2024-07-15T16:22:28+00:00","mainEntityOfPage":{"@id":"https:\/\/radiolitoral.com\/2024\/07\/benitatxell-es-prepara-per-a-les-festes-de-santa-maria-magdalena-2024\/"},"wordCount":691,"commentCount":0,"publisher":{"@id":"https:\/\/radiolitoral.com\/#organization"},"image":{"@id":"https:\/\/radiolitoral.com\/2024\/07\/benitatxell-es-prepara-per-a-les-festes-de-santa-maria-magdalena-2024\/#primaryimage"},"thumbnailUrl":"https:\/\/media.radiolitoral.com\/wp-content\/uploads\/2024\/07\/15181537\/1.Foto-saluda-Festers-principal-scaled.jpg","keywords":["Benitatxell","Festes","Santa Mar\u00eda Magdalena 2024"],"articleSection":["Fiestas"],"inLanguage":"ca","potentialAction":[{"@type":"CommentAction","name":"Comment","target":["https:\/\/radiolitoral.com\/2024\/07\/benitatxell-es-prepara-per-a-les-festes-de-santa-maria-magdalena-2024\/#respond"]}]},{"@type":["WebPage","ItemPage"],"@id":"https:\/\/radiolitoral.com\/2024\/07\/benitatxell-es-prepara-per-a-les-festes-de-santa-maria-magdalena-2024\/","url":"https:\/\/radiolitoral.com\/2024\/07\/benitatxell-es-prepara-per-a-les-festes-de-santa-maria-magdalena-2024\/","name":"Benitatxell \u00e9s prepara per a les festes de Santa Maria Magdalena 2024 | R\u00e0dio Litoral","isPartOf":{"@id":"https:\/\/radiolitoral.com\/#website"},"primaryImageOfPage":{"@id":"https:\/\/radiolitoral.com\/2024\/07\/benitatxell-es-prepara-per-a-les-festes-de-santa-maria-magdalena-2024\/#primaryimage"},"image":{"@id":"https:\/\/radiolitoral.com\/2024\/07\/benitatxell-es-prepara-per-a-les-festes-de-santa-maria-magdalena-2024\/#primaryimage"},"thumbnailUrl":"https:\/\/media.radiolitoral.com\/wp-content\/uploads\/2024\/07\/15181537\/1.Foto-saluda-Festers-principal-scaled.jpg","datePublished":"2024-07-15T16:22:28+00:00","description":"El programa es celebra del 18 al 31 de juliol","breadcrumb":{"@id":"https:\/\/radiolitoral.com\/2024\/07\/benitatxell-es-prepara-per-a-les-festes-de-santa-maria-magdalena-2024\/#breadcrumb"},"inLanguage":"ca","potentialAction":[{"@type":"ReadAction","target":["https:\/\/radiolitoral.com\/2024\/07\/benitatxell-es-prepara-per-a-les-festes-de-santa-maria-magdalena-2024\/"]}]},{"@type":"ImageObject","inLanguage":"ca","@id":"https:\/\/radiolitoral.com\/2024\/07\/benitatxell-es-prepara-per-a-les-festes-de-santa-maria-magdalena-2024\/#primaryimage","url":"https:\/\/media.radiolitoral.com\/wp-content\/uploads\/2024\/07\/15181537\/1.Foto-saluda-Festers-principal-scaled.jpg","contentUrl":"https:\/\/media.radiolitoral.com\/wp-content\/uploads\/2024\/07\/15181537\/1.Foto-saluda-Festers-principal-scaled.jpg","width":2560,"height":2048,"caption":"Festers 2024 | Aj. El Poble Nou de Benitatxell"},{"@type":"BreadcrumbList","@id":"https:\/\/radiolitoral.com\/2024\/07\/benitatxell-es-prepara-per-a-les-festes-de-santa-maria-magdalena-2024\/#breadcrumb","itemListElement":[{"@type":"ListItem","position":1,"name":"Portada","item":"https:\/\/radiolitoral.com\/"},{"@type":"ListItem","position":2,"name":"Benitatxell es prepara per a les festes de Santa Maria Magdalena 2024"}]},{"@type":"WebSite","@id":"https:\/\/radiolitoral.com\/#website","url":"https:\/\/radiolitoral.com\/","name":"R\u00e0dio Litoral","description":"La r\u00e0dio local de la Marina Alta","publisher":{"@id":"https:\/\/radiolitoral.com\/#organization"},"alternateName":"Litoral FM","potentialAction":[{"@type":"SearchAction","target":{"@type":"EntryPoint","urlTemplate":"https:\/\/radiolitoral.com\/?s={search_term_string}"},"query-input":{"@type":"PropertyValueSpecification","valueRequired":true,"valueName":"search_term_string"}}],"inLanguage":"ca"},{"@type":"Organization","@id":"https:\/\/radiolitoral.com\/#organization","name":"R\u00e0dio Litoral","url":"https:\/\/radiolitoral.com\/","logo":{"@type":"ImageObject","inLanguage":"ca","@id":"https:\/\/radiolitoral.com\/#\/schema\/logo\/image\/","url":"https:\/\/media.radiolitoral.com\/wp-content\/uploads\/2023\/02\/24143238\/CL-V-RadioLitoral696.png","contentUrl":"https:\/\/media.radiolitoral.com\/wp-content\/uploads\/2023\/02\/24143238\/CL-V-RadioLitoral696.png","width":696,"height":696,"caption":"Radio Litoral"},"image":{"@id":"https:\/\/radiolitoral.com\/#\/schema\/logo\/image\/"},"sameAs":["https:\/\/www.facebook.com\/Laradiolitoral\/"]},{"@type":"Person","@id":"https:\/\/radiolitoral.com\/#\/schema\/person\/96b739642eb3bedb532aac3812d23307","name":"Redacci\u00f3","image":{"@type":"ImageObject","inLanguage":"ca","@id":"https:\/\/secure.gravatar.com\/avatar\/30cd06129ee90411dd9c7cbdcf17464181d1a3c7b072e92070ea75a25cf0097e?s=96&d=mm&r=g","url":"https:\/\/secure.gravatar.com\/avatar\/30cd06129ee90411dd9c7cbdcf17464181d1a3c7b072e92070ea75a25cf0097e?s=96&d=mm&r=g","contentUrl":"https:\/\/secure.gravatar.com\/avatar\/30cd06129ee90411dd9c7cbdcf17464181d1a3c7b072e92070ea75a25cf0097e?s=96&d=mm&r=g","caption":"Redacci\u00f3n"},"url":"https:\/\/radiolitoral.com\/ca\/author\/kevin-carrio\/"}]}},"_links":{"self":[{"href":"https:\/\/radiolitoral.com\/ca\/wp-json\/wp\/v2\/posts\/10028","targetHints":{"allow":["GET"]}}],"collection":[{"href":"https:\/\/radiolitoral.com\/ca\/wp-json\/wp\/v2\/posts"}],"about":[{"href":"https:\/\/radiolitoral.com\/ca\/wp-json\/wp\/v2\/types\/post"}],"author":[{"embeddable":true,"href":"https:\/\/radiolitoral.com\/ca\/wp-json\/wp\/v2\/users\/14"}],"replies":[{"embeddable":true,"href":"https:\/\/radiolitoral.com\/ca\/wp-json\/wp\/v2\/comments?post=10028"}],"version-history":[{"count":1,"href":"https:\/\/radiolitoral.com\/ca\/wp-json\/wp\/v2\/posts\/10028\/revisions"}],"predecessor-version":[{"id":10030,"href":"https:\/\/radiolitoral.com\/ca\/wp-json\/wp\/v2\/posts\/10028\/revisions\/10030"}],"wp:featuredmedia":[{"embeddable":true,"href":"https:\/\/radiolitoral.com\/ca\/wp-json\/wp\/v2\/media\/10029"}],"wp:attachment":[{"href":"https:\/\/radiolitoral.com\/ca\/wp-json\/wp\/v2\/media?parent=10028"}],"wp:term":[{"taxonomy":"category","embeddable":true,"href":"https:\/\/radiolitoral.com\/ca\/wp-json\/wp\/v2\/categories?post=10028"},{"taxonomy":"post_tag","embeddable":true,"href":"https:\/\/radiolitoral.com\/ca\/wp-json\/wp\/v2\/tags?post=10028"}],"curies":[{"name":"wp","href":"https:\/\/api.w.org\/{rel}","templated":true}]}}