{"id":10006,"date":"2024-07-13T12:51:26","date_gmt":"2024-07-13T10:51:26","guid":{"rendered":"https:\/\/radiolitoral.com\/?p=10006"},"modified":"2024-07-13T12:51:26","modified_gmt":"2024-07-13T10:51:26","slug":"tourist-info-a-xabia-i-benissa","status":"publish","type":"post","link":"https:\/\/radiolitoral.com\/ca\/2024\/07\/tourist-info-a-xabia-i-benissa\/","title":{"rendered":"Noves oficines Tourist Info a Benissa i X\u00e0bia"},"content":{"rendered":"<p>Turisme Comunitat Valenciana ha informat que aquest estiu es refor\u00e7ar\u00e0 el servei <strong>Tourist Informaci\u00f3 a X\u00e0bia i Benissa<\/strong>, a m\u00e9s d&#039;altres municipis de la Comunitat, amb la instal\u00b7laci\u00f3 de<strong> 36 noves oficines<\/strong> i punts d\u00b4atenci\u00f3 al visitant. Aquestes oficines, ubicades a les zones amb m\u00e9s aflu\u00e8ncia tur\u00edstica, estaran operatives fins a mitjans de setembre per proporcionar una atenci\u00f3 millorada als turistes.<\/p>\n<p>Els municipis de X\u00e0bia i Benissa, situats a <strong>La Marina Alta<\/strong>, seran alguns dels que rebran aquest refor\u00e7 del servei d&#039;atenci\u00f3 al visitant, juntament amb altres localitats de la prov\u00edncia d&#039;Alacant com Altea, Campello, Elx, Callosa d&#039;En Sarri\u00e0 i Alacant.<\/p>\n<p>A m\u00e9s, des de l&#039;1 de juliol fins al 15 de setembre, es realitzar\u00e0 la 27a edici\u00f3 de l\u00bb<strong>Enquesta de Satisfacci\u00f3 del client de la Xarxa Tourist Info<\/strong>&#039;, que estar\u00e0 disponible en set idiomes. Aquesta encuesta t\u00e9 com a objectiu recollir informaci\u00f3 sobre el perfil i les tend\u00e8ncies dels visitants, fomentant l&#039;excel\u00b7l\u00e8ncia a la comunicaci\u00f3, l&#039;hospitalitat i l&#039;atenci\u00f3 al client tur\u00edstic.<\/p>","protected":false},"excerpt":{"rendered":"<p>Turisme Comunitat Valenciana ha informat que aquest estiu es refor\u00e7ar\u00e0 el servei Tourist Info a X\u00e0bia i Benissa, a m\u00e9s d&#8217;altres municipis de la Comunitat, amb la instal\u00b7laci\u00f3 de 36 noves oficines i punts d&#8217;atenci\u00f3 al visitant. Aquestes oficines, ubicades en les zones amb m\u00e9s aflu\u00e8ncia tur\u00edstica, estaran operatives fins a mitjan setembre per a [&#8230;]<\/p>\n<p><a class=\"btn btn-secondary understrap-read-more-link\" href=\"https:\/\/radiolitoral.com\/ca\/2024\/07\/tourist-info-a-xabia-i-benissa\/\">Continua llegint&#8230;<span class=\"screen-reader-text\"> from Noves oficines Tourist Info a Benissa i X\u00e0bia<\/span><\/a><\/p>\n","protected":false},"author":11,"featured_media":10007,"comment_status":"open","ping_status":"closed","sticky":false,"template":"","format":"standard","meta":{"_acf_changed":false,"inline_featured_image":false,"footnotes":""},"categories":[857],"tags":[126,1699,1424,196],"class_list":["post-10006","post","type-post","status-publish","format-standard","has-post-thumbnail","hentry","category-playas","tag-benissa","tag-playa","tag-tourist-info","tag-xabia","cobertura-benissa","cobertura-xabia"],"acf":[],"yoast_head":"<!-- This site is optimized with the Yoast SEO plugin v27.5 - https:\/\/yoast.com\/product\/yoast-seo-wordpress\/ -->\n<title>Noves oficines Tourist Info a Benissa i X\u00e0bia | R\u00e0dio Litoral<\/title>\n<meta name=\"description\" content=\"La Generalitat Valenciana ha anunciat que s\u00f3n 36 les noves oficines i punts d&#039;atenci\u00f3 al visitant\" \/>\n<meta name=\"robots\" content=\"index, follow, max-snippet:-1, max-image-preview:large, max-video-preview:-1\" \/>\n<link rel=\"canonical\" href=\"https:\/\/radiolitoral.com\/ca\/2024\/07\/tourist-info-a-xabia-i-benissa\/\" \/>\n<meta property=\"og:locale\" content=\"ca_ES\" \/>\n<meta property=\"og:type\" content=\"article\" \/>\n<meta property=\"og:title\" content=\"Noves oficines Tourist Info a Benissa i X\u00e0bia | R\u00e0dio Litoral\" \/>\n<meta property=\"og:description\" content=\"La Generalitat Valenciana ha anunciat que s\u00f3n 36 les noves oficines i punts d&#039;atenci\u00f3 al visitant\" \/>\n<meta property=\"og:url\" content=\"https:\/\/radiolitoral.com\/ca\/2024\/07\/tourist-info-a-xabia-i-benissa\/\" \/>\n<meta property=\"og:site_name\" content=\"R\u00e0dio Litoral\" \/>\n<meta property=\"article:publisher\" content=\"https:\/\/www.facebook.com\/Laradiolitoral\/\" \/>\n<meta property=\"article:published_time\" content=\"2024-07-13T10:51:26+00:00\" \/>\n<meta property=\"og:image\" content=\"https:\/\/media.radiolitoral.com\/wp-content\/uploads\/2024\/07\/13124759\/WhatsApp-Image-2024-07-12-at-11.30.44-e1720867749742.jpeg\" \/>\n\t<meta property=\"og:image:width\" content=\"864\" \/>\n\t<meta property=\"og:image:height\" content=\"693\" \/>\n\t<meta property=\"og:image:type\" content=\"image\/jpeg\" \/>\n<meta name=\"author\" content=\"Redacci\u00f3n\" \/>\n<meta name=\"twitter:card\" content=\"summary_large_image\" \/>\n<meta name=\"twitter:label1\" content=\"Escrit per\" \/>\n\t<meta name=\"twitter:data1\" content=\"Redacci\u00f3n\" \/>\n\t<meta name=\"twitter:label2\" content=\"Temps estimat de lectura\" \/>\n\t<meta name=\"twitter:data2\" content=\"2 minuts\" \/>\n<script type=\"application\/ld+json\" class=\"yoast-schema-graph\">{\"@context\":\"https:\\\/\\\/schema.org\",\"@graph\":[{\"@type\":\"NewsArticle\",\"@id\":\"https:\\\/\\\/radiolitoral.com\\\/2024\\\/07\\\/tourist-info-a-xabia-i-benissa\\\/#article\",\"isPartOf\":{\"@id\":\"https:\\\/\\\/radiolitoral.com\\\/2024\\\/07\\\/tourist-info-a-xabia-i-benissa\\\/\"},\"author\":{\"name\":\"Redacci\u00f3n\",\"@id\":\"https:\\\/\\\/radiolitoral.com\\\/#\\\/schema\\\/person\\\/aaadc9e35663a92bd94a05f5816f296d\"},\"headline\":\"Noves oficines Tourist Info a Benissa i X\u00e0bia\",\"datePublished\":\"2024-07-13T10:51:26+00:00\",\"mainEntityOfPage\":{\"@id\":\"https:\\\/\\\/radiolitoral.com\\\/2024\\\/07\\\/tourist-info-a-xabia-i-benissa\\\/\"},\"wordCount\":193,\"commentCount\":0,\"publisher\":{\"@id\":\"https:\\\/\\\/radiolitoral.com\\\/#organization\"},\"image\":{\"@id\":\"https:\\\/\\\/radiolitoral.com\\\/2024\\\/07\\\/tourist-info-a-xabia-i-benissa\\\/#primaryimage\"},\"thumbnailUrl\":\"https:\\\/\\\/media.radiolitoral.com\\\/wp-content\\\/uploads\\\/2024\\\/07\\\/13124759\\\/WhatsApp-Image-2024-07-12-at-11.30.44-e1720867749742.jpeg\",\"keywords\":[\"Benissa\",\"playa\",\"tourist info\",\"X\u00e0bia.\"],\"articleSection\":[\"Playas\"],\"inLanguage\":\"ca\",\"potentialAction\":[{\"@type\":\"CommentAction\",\"name\":\"Comment\",\"target\":[\"https:\\\/\\\/radiolitoral.com\\\/2024\\\/07\\\/tourist-info-a-xabia-i-benissa\\\/#respond\"]}]},{\"@type\":[\"WebPage\",\"ItemPage\"],\"@id\":\"https:\\\/\\\/radiolitoral.com\\\/2024\\\/07\\\/tourist-info-a-xabia-i-benissa\\\/\",\"url\":\"https:\\\/\\\/radiolitoral.com\\\/2024\\\/07\\\/tourist-info-a-xabia-i-benissa\\\/\",\"name\":\"Noves oficines Tourist Info a Benissa i X\u00e0bia | R\u00e0dio Litoral\",\"isPartOf\":{\"@id\":\"https:\\\/\\\/radiolitoral.com\\\/#website\"},\"primaryImageOfPage\":{\"@id\":\"https:\\\/\\\/radiolitoral.com\\\/2024\\\/07\\\/tourist-info-a-xabia-i-benissa\\\/#primaryimage\"},\"image\":{\"@id\":\"https:\\\/\\\/radiolitoral.com\\\/2024\\\/07\\\/tourist-info-a-xabia-i-benissa\\\/#primaryimage\"},\"thumbnailUrl\":\"https:\\\/\\\/media.radiolitoral.com\\\/wp-content\\\/uploads\\\/2024\\\/07\\\/13124759\\\/WhatsApp-Image-2024-07-12-at-11.30.44-e1720867749742.jpeg\",\"datePublished\":\"2024-07-13T10:51:26+00:00\",\"description\":\"La Generalitat Valenciana ha anunciat que s\u00f3n 36 les noves oficines i punts d'atenci\u00f3 al visitant\",\"breadcrumb\":{\"@id\":\"https:\\\/\\\/radiolitoral.com\\\/2024\\\/07\\\/tourist-info-a-xabia-i-benissa\\\/#breadcrumb\"},\"inLanguage\":\"ca\",\"potentialAction\":[{\"@type\":\"ReadAction\",\"target\":[\"https:\\\/\\\/radiolitoral.com\\\/2024\\\/07\\\/tourist-info-a-xabia-i-benissa\\\/\"]}]},{\"@type\":\"ImageObject\",\"inLanguage\":\"ca\",\"@id\":\"https:\\\/\\\/radiolitoral.com\\\/2024\\\/07\\\/tourist-info-a-xabia-i-benissa\\\/#primaryimage\",\"url\":\"https:\\\/\\\/media.radiolitoral.com\\\/wp-content\\\/uploads\\\/2024\\\/07\\\/13124759\\\/WhatsApp-Image-2024-07-12-at-11.30.44-e1720867749742.jpeg\",\"contentUrl\":\"https:\\\/\\\/media.radiolitoral.com\\\/wp-content\\\/uploads\\\/2024\\\/07\\\/13124759\\\/WhatsApp-Image-2024-07-12-at-11.30.44-e1720867749742.jpeg\",\"width\":864,\"height\":693,\"caption\":\"Tourist Info | GVA\"},{\"@type\":\"BreadcrumbList\",\"@id\":\"https:\\\/\\\/radiolitoral.com\\\/2024\\\/07\\\/tourist-info-a-xabia-i-benissa\\\/#breadcrumb\",\"itemListElement\":[{\"@type\":\"ListItem\",\"position\":1,\"name\":\"Portada\",\"item\":\"https:\\\/\\\/radiolitoral.com\\\/\"},{\"@type\":\"ListItem\",\"position\":2,\"name\":\"Noves oficines Tourist Info a Benissa i X\u00e0bia\"}]},{\"@type\":\"WebSite\",\"@id\":\"https:\\\/\\\/radiolitoral.com\\\/#website\",\"url\":\"https:\\\/\\\/radiolitoral.com\\\/\",\"name\":\"Radio Litoral\",\"description\":\"La radio local de la Marina Alta\",\"publisher\":{\"@id\":\"https:\\\/\\\/radiolitoral.com\\\/#organization\"},\"alternateName\":\"Litoral FM\",\"potentialAction\":[{\"@type\":\"SearchAction\",\"target\":{\"@type\":\"EntryPoint\",\"urlTemplate\":\"https:\\\/\\\/radiolitoral.com\\\/?s={search_term_string}\"},\"query-input\":{\"@type\":\"PropertyValueSpecification\",\"valueRequired\":true,\"valueName\":\"search_term_string\"}}],\"inLanguage\":\"ca\"},{\"@type\":\"Organization\",\"@id\":\"https:\\\/\\\/radiolitoral.com\\\/#organization\",\"name\":\"Radio Litoral\",\"url\":\"https:\\\/\\\/radiolitoral.com\\\/\",\"logo\":{\"@type\":\"ImageObject\",\"inLanguage\":\"ca\",\"@id\":\"https:\\\/\\\/radiolitoral.com\\\/#\\\/schema\\\/logo\\\/image\\\/\",\"url\":\"https:\\\/\\\/media.radiolitoral.com\\\/wp-content\\\/uploads\\\/2023\\\/02\\\/24143238\\\/CL-V-RadioLitoral696.png\",\"contentUrl\":\"https:\\\/\\\/media.radiolitoral.com\\\/wp-content\\\/uploads\\\/2023\\\/02\\\/24143238\\\/CL-V-RadioLitoral696.png\",\"width\":696,\"height\":696,\"caption\":\"Radio Litoral\"},\"image\":{\"@id\":\"https:\\\/\\\/radiolitoral.com\\\/#\\\/schema\\\/logo\\\/image\\\/\"},\"sameAs\":[\"https:\\\/\\\/www.facebook.com\\\/Laradiolitoral\\\/\"]},{\"@type\":\"Person\",\"@id\":\"https:\\\/\\\/radiolitoral.com\\\/#\\\/schema\\\/person\\\/aaadc9e35663a92bd94a05f5816f296d\",\"name\":\"Redacci\u00f3n\",\"image\":{\"@type\":\"ImageObject\",\"inLanguage\":\"ca\",\"@id\":\"https:\\\/\\\/secure.gravatar.com\\\/avatar\\\/e4e253cf49afb8c76a2aca487577f1ff5c098c82b3cf2b0a85f03f83dcb96c31?s=96&d=mm&r=g\",\"url\":\"https:\\\/\\\/secure.gravatar.com\\\/avatar\\\/e4e253cf49afb8c76a2aca487577f1ff5c098c82b3cf2b0a85f03f83dcb96c31?s=96&d=mm&r=g\",\"contentUrl\":\"https:\\\/\\\/secure.gravatar.com\\\/avatar\\\/e4e253cf49afb8c76a2aca487577f1ff5c098c82b3cf2b0a85f03f83dcb96c31?s=96&d=mm&r=g\",\"caption\":\"Redacci\u00f3n\"},\"url\":\"https:\\\/\\\/radiolitoral.com\\\/ca\\\/author\\\/alba-alborch\\\/\"}]}<\/script>\n<!-- \/ Yoast SEO plugin. -->","yoast_head_json":{"title":"Noves oficines Tourist Info a Benissa i X\u00e0bia | R\u00e0dio Litoral","description":"La Generalitat Valenciana ha anunciat que s\u00f3n 36 les noves oficines i punts d&#039;atenci\u00f3 al visitant","robots":{"index":"index","follow":"follow","max-snippet":"max-snippet:-1","max-image-preview":"max-image-preview:large","max-video-preview":"max-video-preview:-1"},"canonical":"https:\/\/radiolitoral.com\/ca\/2024\/07\/tourist-info-a-xabia-i-benissa\/","og_locale":"ca_ES","og_type":"article","og_title":"Noves oficines Tourist Info a Benissa i X\u00e0bia | R\u00e0dio Litoral","og_description":"La Generalitat Valenciana ha anunciat que s\u00f3n 36 les noves oficines i punts d'atenci\u00f3 al visitant","og_url":"https:\/\/radiolitoral.com\/ca\/2024\/07\/tourist-info-a-xabia-i-benissa\/","og_site_name":"R\u00e0dio Litoral","article_publisher":"https:\/\/www.facebook.com\/Laradiolitoral\/","article_published_time":"2024-07-13T10:51:26+00:00","og_image":[{"width":864,"height":693,"url":"https:\/\/media.radiolitoral.com\/wp-content\/uploads\/2024\/07\/13124759\/WhatsApp-Image-2024-07-12-at-11.30.44-e1720867749742.jpeg","type":"image\/jpeg"}],"author":"Redacci\u00f3n","twitter_card":"summary_large_image","twitter_misc":{"Escrit per":"Redacci\u00f3n","Temps estimat de lectura":"2 minuts"},"schema":{"@context":"https:\/\/schema.org","@graph":[{"@type":"NewsArticle","@id":"https:\/\/radiolitoral.com\/2024\/07\/tourist-info-a-xabia-i-benissa\/#article","isPartOf":{"@id":"https:\/\/radiolitoral.com\/2024\/07\/tourist-info-a-xabia-i-benissa\/"},"author":{"name":"Redacci\u00f3n","@id":"https:\/\/radiolitoral.com\/#\/schema\/person\/aaadc9e35663a92bd94a05f5816f296d"},"headline":"Noves oficines Tourist Info a Benissa i X\u00e0bia","datePublished":"2024-07-13T10:51:26+00:00","mainEntityOfPage":{"@id":"https:\/\/radiolitoral.com\/2024\/07\/tourist-info-a-xabia-i-benissa\/"},"wordCount":193,"commentCount":0,"publisher":{"@id":"https:\/\/radiolitoral.com\/#organization"},"image":{"@id":"https:\/\/radiolitoral.com\/2024\/07\/tourist-info-a-xabia-i-benissa\/#primaryimage"},"thumbnailUrl":"https:\/\/media.radiolitoral.com\/wp-content\/uploads\/2024\/07\/13124759\/WhatsApp-Image-2024-07-12-at-11.30.44-e1720867749742.jpeg","keywords":["Benissa","playa","tourist info","X\u00e0bia."],"articleSection":["Playas"],"inLanguage":"ca","potentialAction":[{"@type":"CommentAction","name":"Comment","target":["https:\/\/radiolitoral.com\/2024\/07\/tourist-info-a-xabia-i-benissa\/#respond"]}]},{"@type":["WebPage","ItemPage"],"@id":"https:\/\/radiolitoral.com\/2024\/07\/tourist-info-a-xabia-i-benissa\/","url":"https:\/\/radiolitoral.com\/2024\/07\/tourist-info-a-xabia-i-benissa\/","name":"Noves oficines Tourist Info a Benissa i X\u00e0bia | R\u00e0dio Litoral","isPartOf":{"@id":"https:\/\/radiolitoral.com\/#website"},"primaryImageOfPage":{"@id":"https:\/\/radiolitoral.com\/2024\/07\/tourist-info-a-xabia-i-benissa\/#primaryimage"},"image":{"@id":"https:\/\/radiolitoral.com\/2024\/07\/tourist-info-a-xabia-i-benissa\/#primaryimage"},"thumbnailUrl":"https:\/\/media.radiolitoral.com\/wp-content\/uploads\/2024\/07\/13124759\/WhatsApp-Image-2024-07-12-at-11.30.44-e1720867749742.jpeg","datePublished":"2024-07-13T10:51:26+00:00","description":"La Generalitat Valenciana ha anunciat que s\u00f3n 36 les noves oficines i punts d&#039;atenci\u00f3 al visitant","breadcrumb":{"@id":"https:\/\/radiolitoral.com\/2024\/07\/tourist-info-a-xabia-i-benissa\/#breadcrumb"},"inLanguage":"ca","potentialAction":[{"@type":"ReadAction","target":["https:\/\/radiolitoral.com\/2024\/07\/tourist-info-a-xabia-i-benissa\/"]}]},{"@type":"ImageObject","inLanguage":"ca","@id":"https:\/\/radiolitoral.com\/2024\/07\/tourist-info-a-xabia-i-benissa\/#primaryimage","url":"https:\/\/media.radiolitoral.com\/wp-content\/uploads\/2024\/07\/13124759\/WhatsApp-Image-2024-07-12-at-11.30.44-e1720867749742.jpeg","contentUrl":"https:\/\/media.radiolitoral.com\/wp-content\/uploads\/2024\/07\/13124759\/WhatsApp-Image-2024-07-12-at-11.30.44-e1720867749742.jpeg","width":864,"height":693,"caption":"Tourist Info | GVA"},{"@type":"BreadcrumbList","@id":"https:\/\/radiolitoral.com\/2024\/07\/tourist-info-a-xabia-i-benissa\/#breadcrumb","itemListElement":[{"@type":"ListItem","position":1,"name":"Portada","item":"https:\/\/radiolitoral.com\/"},{"@type":"ListItem","position":2,"name":"Noves oficines Tourist Info a Benissa i X\u00e0bia"}]},{"@type":"WebSite","@id":"https:\/\/radiolitoral.com\/#website","url":"https:\/\/radiolitoral.com\/","name":"R\u00e0dio Litoral","description":"La r\u00e0dio local de la Marina Alta","publisher":{"@id":"https:\/\/radiolitoral.com\/#organization"},"alternateName":"Litoral FM","potentialAction":[{"@type":"SearchAction","target":{"@type":"EntryPoint","urlTemplate":"https:\/\/radiolitoral.com\/?s={search_term_string}"},"query-input":{"@type":"PropertyValueSpecification","valueRequired":true,"valueName":"search_term_string"}}],"inLanguage":"ca"},{"@type":"Organization","@id":"https:\/\/radiolitoral.com\/#organization","name":"R\u00e0dio Litoral","url":"https:\/\/radiolitoral.com\/","logo":{"@type":"ImageObject","inLanguage":"ca","@id":"https:\/\/radiolitoral.com\/#\/schema\/logo\/image\/","url":"https:\/\/media.radiolitoral.com\/wp-content\/uploads\/2023\/02\/24143238\/CL-V-RadioLitoral696.png","contentUrl":"https:\/\/media.radiolitoral.com\/wp-content\/uploads\/2023\/02\/24143238\/CL-V-RadioLitoral696.png","width":696,"height":696,"caption":"Radio Litoral"},"image":{"@id":"https:\/\/radiolitoral.com\/#\/schema\/logo\/image\/"},"sameAs":["https:\/\/www.facebook.com\/Laradiolitoral\/"]},{"@type":"Person","@id":"https:\/\/radiolitoral.com\/#\/schema\/person\/aaadc9e35663a92bd94a05f5816f296d","name":"Redacci\u00f3","image":{"@type":"ImageObject","inLanguage":"ca","@id":"https:\/\/secure.gravatar.com\/avatar\/e4e253cf49afb8c76a2aca487577f1ff5c098c82b3cf2b0a85f03f83dcb96c31?s=96&d=mm&r=g","url":"https:\/\/secure.gravatar.com\/avatar\/e4e253cf49afb8c76a2aca487577f1ff5c098c82b3cf2b0a85f03f83dcb96c31?s=96&d=mm&r=g","contentUrl":"https:\/\/secure.gravatar.com\/avatar\/e4e253cf49afb8c76a2aca487577f1ff5c098c82b3cf2b0a85f03f83dcb96c31?s=96&d=mm&r=g","caption":"Redacci\u00f3n"},"url":"https:\/\/radiolitoral.com\/ca\/author\/alba-alborch\/"}]}},"_links":{"self":[{"href":"https:\/\/radiolitoral.com\/ca\/wp-json\/wp\/v2\/posts\/10006","targetHints":{"allow":["GET"]}}],"collection":[{"href":"https:\/\/radiolitoral.com\/ca\/wp-json\/wp\/v2\/posts"}],"about":[{"href":"https:\/\/radiolitoral.com\/ca\/wp-json\/wp\/v2\/types\/post"}],"author":[{"embeddable":true,"href":"https:\/\/radiolitoral.com\/ca\/wp-json\/wp\/v2\/users\/11"}],"replies":[{"embeddable":true,"href":"https:\/\/radiolitoral.com\/ca\/wp-json\/wp\/v2\/comments?post=10006"}],"version-history":[{"count":1,"href":"https:\/\/radiolitoral.com\/ca\/wp-json\/wp\/v2\/posts\/10006\/revisions"}],"predecessor-version":[{"id":10008,"href":"https:\/\/radiolitoral.com\/ca\/wp-json\/wp\/v2\/posts\/10006\/revisions\/10008"}],"wp:featuredmedia":[{"embeddable":true,"href":"https:\/\/radiolitoral.com\/ca\/wp-json\/wp\/v2\/media\/10007"}],"wp:attachment":[{"href":"https:\/\/radiolitoral.com\/ca\/wp-json\/wp\/v2\/media?parent=10006"}],"wp:term":[{"taxonomy":"category","embeddable":true,"href":"https:\/\/radiolitoral.com\/ca\/wp-json\/wp\/v2\/categories?post=10006"},{"taxonomy":"post_tag","embeddable":true,"href":"https:\/\/radiolitoral.com\/ca\/wp-json\/wp\/v2\/tags?post=10006"}],"curies":[{"name":"wp","href":"https:\/\/api.w.org\/{rel}","templated":true}]}}