{"id":1,"date":"2022-12-14T00:00:11","date_gmt":"2022-12-14T00:00:11","guid":{"rendered":"https:\/\/radiolitoral.com\/wordpress\/?p=1"},"modified":"2023-01-02T08:47:29","modified_gmt":"2023-01-02T08:47:29","slug":"hello-world","status":"publish","type":"post","link":"https:\/\/radiolitoral.com\/ca\/2022\/12\/hello-world\/","title":{"rendered":"D\u00e9nia comen\u00e7a l&#039;Any Nou fent esport"},"content":{"rendered":"<p>Durant aquests dies, com \u00e9s habitual, ens vam reunir al voltant de la taula per celebrar el Nadal. Ja ha quedat enrere la nit de Nadal i la nit de Cap d&#039;Any i ara toca fer una mica d&#039;esport per compensar els excessos. A D\u00e9nia ens conviden a fer-ho durant el dia d&#039;avui i dem\u00e0 al carrer La Via. Prepareu la vostra roba c\u00f2moda per a aquest migdia per assistir a la primera classe de funcional i dem\u00e0, tamb\u00e9 al migdia, classe de ball amb Miguel \u00c1ngel Bolo. L&#039;ajuntament ofereix aquestes trobades esportives gratu\u00eftes mentre ja moltes estem esperant els Reis.<\/p>","protected":false},"excerpt":{"rendered":"<p>Durante estos d\u00edas, como es habitual, nos reunimos en torno a la mesa para festejar la Navidad. Ya ha quedado atr\u00e1s la Nochebuena y Nochevieja y ahora toca hacer un poco de deporte para compensar los excesos. En D\u00e9nia nos invitan a hacerlo durante el d\u00eda de hoy y ma\u00f1ana en la calle La V\u00eda. [&#8230;]<\/p>\n<p><a class=\"btn btn-secondary understrap-read-more-link\" href=\"https:\/\/radiolitoral.com\/ca\/2022\/12\/hello-world\/\">Continua llegint&#8230;<span class=\"screen-reader-text\"> from D\u00e9nia comienza el A\u00f1o Nuevo haciendo deporte<\/span><\/a><\/p>\n","protected":false},"author":21,"featured_media":308,"comment_status":"open","ping_status":"closed","sticky":false,"template":"","format":"standard","meta":{"_acf_changed":false,"inline_featured_image":false,"footnotes":""},"categories":[5],"tags":[7,6],"class_list":["post-1","post","type-post","status-publish","format-standard","has-post-thumbnail","hentry","category-deportes","tag-actividades","tag-deportes","cobertura-denia"],"acf":[],"yoast_head":"<!-- This site is optimized with the Yoast SEO plugin v27.5 - https:\/\/yoast.com\/product\/yoast-seo-wordpress\/ -->\n<title>D\u00e9nia comienza el A\u00f1o Nuevo haciendo deporte | R\u00e0dio Litoral<\/title>\n<meta name=\"description\" content=\"Hoy y ma\u00f1ana martes tenemos una cita en la calle La V\u00eda\" \/>\n<meta name=\"robots\" content=\"index, follow, max-snippet:-1, max-image-preview:large, max-video-preview:-1\" \/>\n<link rel=\"canonical\" href=\"https:\/\/radiolitoral.com\/ca\/2022\/12\/hello-world\/\" \/>\n<meta property=\"og:locale\" content=\"ca_ES\" \/>\n<meta property=\"og:type\" content=\"article\" \/>\n<meta property=\"og:title\" content=\"D\u00e9nia comienza el A\u00f1o Nuevo haciendo deporte | R\u00e0dio Litoral\" \/>\n<meta property=\"og:description\" content=\"Hoy y ma\u00f1ana martes tenemos una cita en la calle La V\u00eda\" \/>\n<meta property=\"og:url\" content=\"https:\/\/radiolitoral.com\/ca\/2022\/12\/hello-world\/\" \/>\n<meta property=\"og:site_name\" content=\"R\u00e0dio Litoral\" \/>\n<meta property=\"article:publisher\" content=\"https:\/\/www.facebook.com\/Laradiolitoral\/\" \/>\n<meta property=\"article:published_time\" content=\"2022-12-14T00:00:11+00:00\" \/>\n<meta property=\"article:modified_time\" content=\"2023-01-02T08:47:29+00:00\" \/>\n<meta property=\"og:image\" content=\"https:\/\/s3.eu-west-2.wasabisys.com\/radiolitoral.com\/wp-content\/uploads\/2022\/12\/23184324\/basketball-gfd6526f46_1920.jpg\" \/>\n\t<meta property=\"og:image:width\" content=\"1920\" \/>\n\t<meta property=\"og:image:height\" content=\"1275\" \/>\n\t<meta property=\"og:image:type\" content=\"image\/jpeg\" \/>\n<meta name=\"author\" content=\"Mel Pescuezo\" \/>\n<meta name=\"twitter:card\" content=\"summary_large_image\" \/>\n<meta name=\"twitter:label1\" content=\"Escrit per\" \/>\n\t<meta name=\"twitter:data1\" content=\"Mel Pescuezo\" \/>\n\t<meta name=\"twitter:label2\" content=\"Temps estimat de lectura\" \/>\n\t<meta name=\"twitter:data2\" content=\"1 minut\" \/>\n<script type=\"application\/ld+json\" class=\"yoast-schema-graph\">{\"@context\":\"https:\\\/\\\/schema.org\",\"@graph\":[{\"@type\":\"NewsArticle\",\"@id\":\"https:\\\/\\\/radiolitoral.com\\\/2022\\\/12\\\/hello-world\\\/#article\",\"isPartOf\":{\"@id\":\"https:\\\/\\\/radiolitoral.com\\\/2022\\\/12\\\/hello-world\\\/\"},\"author\":{\"name\":\"Mel Pescuezo\",\"@id\":\"https:\\\/\\\/radiolitoral.com\\\/#\\\/schema\\\/person\\\/aad4f72efa404f85b68e832d24cac059\"},\"headline\":\"D\u00e9nia comienza el A\u00f1o Nuevo haciendo deporte\",\"datePublished\":\"2022-12-14T00:00:11+00:00\",\"dateModified\":\"2023-01-02T08:47:29+00:00\",\"mainEntityOfPage\":{\"@id\":\"https:\\\/\\\/radiolitoral.com\\\/2022\\\/12\\\/hello-world\\\/\"},\"wordCount\":117,\"commentCount\":1,\"publisher\":{\"@id\":\"https:\\\/\\\/radiolitoral.com\\\/#organization\"},\"image\":{\"@id\":\"https:\\\/\\\/radiolitoral.com\\\/2022\\\/12\\\/hello-world\\\/#primaryimage\"},\"thumbnailUrl\":\"https:\\\/\\\/media.radiolitoral.com\\\/wp-content\\\/uploads\\\/2022\\\/12\\\/24143258\\\/basketball-gfd6526f46_1920.jpg\",\"keywords\":[\"actividades\",\"deportes\"],\"articleSection\":[\"Deportes\"],\"inLanguage\":\"ca\",\"potentialAction\":[{\"@type\":\"CommentAction\",\"name\":\"Comment\",\"target\":[\"https:\\\/\\\/radiolitoral.com\\\/2022\\\/12\\\/hello-world\\\/#respond\"]}]},{\"@type\":[\"WebPage\",\"ItemPage\"],\"@id\":\"https:\\\/\\\/radiolitoral.com\\\/2022\\\/12\\\/hello-world\\\/\",\"url\":\"https:\\\/\\\/radiolitoral.com\\\/2022\\\/12\\\/hello-world\\\/\",\"name\":\"D\u00e9nia comienza el A\u00f1o Nuevo haciendo deporte | R\u00e0dio Litoral\",\"isPartOf\":{\"@id\":\"https:\\\/\\\/radiolitoral.com\\\/#website\"},\"primaryImageOfPage\":{\"@id\":\"https:\\\/\\\/radiolitoral.com\\\/2022\\\/12\\\/hello-world\\\/#primaryimage\"},\"image\":{\"@id\":\"https:\\\/\\\/radiolitoral.com\\\/2022\\\/12\\\/hello-world\\\/#primaryimage\"},\"thumbnailUrl\":\"https:\\\/\\\/media.radiolitoral.com\\\/wp-content\\\/uploads\\\/2022\\\/12\\\/24143258\\\/basketball-gfd6526f46_1920.jpg\",\"datePublished\":\"2022-12-14T00:00:11+00:00\",\"dateModified\":\"2023-01-02T08:47:29+00:00\",\"description\":\"Hoy y ma\u00f1ana martes tenemos una cita en la calle La V\u00eda\",\"breadcrumb\":{\"@id\":\"https:\\\/\\\/radiolitoral.com\\\/2022\\\/12\\\/hello-world\\\/#breadcrumb\"},\"inLanguage\":\"ca\",\"potentialAction\":[{\"@type\":\"ReadAction\",\"target\":[\"https:\\\/\\\/radiolitoral.com\\\/2022\\\/12\\\/hello-world\\\/\"]}]},{\"@type\":\"ImageObject\",\"inLanguage\":\"ca\",\"@id\":\"https:\\\/\\\/radiolitoral.com\\\/2022\\\/12\\\/hello-world\\\/#primaryimage\",\"url\":\"https:\\\/\\\/media.radiolitoral.com\\\/wp-content\\\/uploads\\\/2022\\\/12\\\/24143258\\\/basketball-gfd6526f46_1920.jpg\",\"contentUrl\":\"https:\\\/\\\/media.radiolitoral.com\\\/wp-content\\\/uploads\\\/2022\\\/12\\\/24143258\\\/basketball-gfd6526f46_1920.jpg\",\"width\":1920,\"height\":1275},{\"@type\":\"BreadcrumbList\",\"@id\":\"https:\\\/\\\/radiolitoral.com\\\/2022\\\/12\\\/hello-world\\\/#breadcrumb\",\"itemListElement\":[{\"@type\":\"ListItem\",\"position\":1,\"name\":\"Portada\",\"item\":\"https:\\\/\\\/radiolitoral.com\\\/\"},{\"@type\":\"ListItem\",\"position\":2,\"name\":\"D\u00e9nia comienza el A\u00f1o Nuevo haciendo deporte\"}]},{\"@type\":\"WebSite\",\"@id\":\"https:\\\/\\\/radiolitoral.com\\\/#website\",\"url\":\"https:\\\/\\\/radiolitoral.com\\\/\",\"name\":\"Radio Litoral\",\"description\":\"La radio local de la Marina Alta\",\"publisher\":{\"@id\":\"https:\\\/\\\/radiolitoral.com\\\/#organization\"},\"alternateName\":\"Litoral FM\",\"potentialAction\":[{\"@type\":\"SearchAction\",\"target\":{\"@type\":\"EntryPoint\",\"urlTemplate\":\"https:\\\/\\\/radiolitoral.com\\\/?s={search_term_string}\"},\"query-input\":{\"@type\":\"PropertyValueSpecification\",\"valueRequired\":true,\"valueName\":\"search_term_string\"}}],\"inLanguage\":\"ca\"},{\"@type\":\"Organization\",\"@id\":\"https:\\\/\\\/radiolitoral.com\\\/#organization\",\"name\":\"Radio Litoral\",\"url\":\"https:\\\/\\\/radiolitoral.com\\\/\",\"logo\":{\"@type\":\"ImageObject\",\"inLanguage\":\"ca\",\"@id\":\"https:\\\/\\\/radiolitoral.com\\\/#\\\/schema\\\/logo\\\/image\\\/\",\"url\":\"https:\\\/\\\/media.radiolitoral.com\\\/wp-content\\\/uploads\\\/2023\\\/02\\\/24143238\\\/CL-V-RadioLitoral696.png\",\"contentUrl\":\"https:\\\/\\\/media.radiolitoral.com\\\/wp-content\\\/uploads\\\/2023\\\/02\\\/24143238\\\/CL-V-RadioLitoral696.png\",\"width\":696,\"height\":696,\"caption\":\"Radio Litoral\"},\"image\":{\"@id\":\"https:\\\/\\\/radiolitoral.com\\\/#\\\/schema\\\/logo\\\/image\\\/\"},\"sameAs\":[\"https:\\\/\\\/www.facebook.com\\\/Laradiolitoral\\\/\"]},{\"@type\":\"Person\",\"@id\":\"https:\\\/\\\/radiolitoral.com\\\/#\\\/schema\\\/person\\\/aad4f72efa404f85b68e832d24cac059\",\"name\":\"Mel Pescuezo\",\"image\":{\"@type\":\"ImageObject\",\"inLanguage\":\"ca\",\"@id\":\"https:\\\/\\\/secure.gravatar.com\\\/avatar\\\/993975ae489c70cb0dd9bfa9413a082f0bd276582dac13661af7b33f161e7eea?s=96&d=mm&r=g\",\"url\":\"https:\\\/\\\/secure.gravatar.com\\\/avatar\\\/993975ae489c70cb0dd9bfa9413a082f0bd276582dac13661af7b33f161e7eea?s=96&d=mm&r=g\",\"contentUrl\":\"https:\\\/\\\/secure.gravatar.com\\\/avatar\\\/993975ae489c70cb0dd9bfa9413a082f0bd276582dac13661af7b33f161e7eea?s=96&d=mm&r=g\",\"caption\":\"Mel Pescuezo\"},\"url\":\"https:\\\/\\\/radiolitoral.com\\\/ca\\\/author\\\/serviciospararadios\\\/\"}]}<\/script>\n<!-- \/ Yoast SEO plugin. -->","yoast_head_json":{"title":"D\u00e9nia comen\u00e7a l&#039;Any Nou fent esport | R\u00e0dio Litoral","description":"Avui i dem\u00e0 dimarts tenim una cita al carrer La Via","robots":{"index":"index","follow":"follow","max-snippet":"max-snippet:-1","max-image-preview":"max-image-preview:large","max-video-preview":"max-video-preview:-1"},"canonical":"https:\/\/radiolitoral.com\/ca\/2022\/12\/hello-world\/","og_locale":"ca_ES","og_type":"article","og_title":"D\u00e9nia comienza el A\u00f1o Nuevo haciendo deporte | R\u00e0dio Litoral","og_description":"Hoy y ma\u00f1ana martes tenemos una cita en la calle La V\u00eda","og_url":"https:\/\/radiolitoral.com\/ca\/2022\/12\/hello-world\/","og_site_name":"R\u00e0dio Litoral","article_publisher":"https:\/\/www.facebook.com\/Laradiolitoral\/","article_published_time":"2022-12-14T00:00:11+00:00","article_modified_time":"2023-01-02T08:47:29+00:00","og_image":[{"width":1920,"height":1275,"url":"https:\/\/s3.eu-west-2.wasabisys.com\/radiolitoral.com\/wp-content\/uploads\/2022\/12\/23184324\/basketball-gfd6526f46_1920.jpg","type":"image\/jpeg"}],"author":"Mel Pescuezo","twitter_card":"summary_large_image","twitter_misc":{"Escrit per":"Mel Pescuezo","Temps estimat de lectura":"1 minut"},"schema":{"@context":"https:\/\/schema.org","@graph":[{"@type":"NewsArticle","@id":"https:\/\/radiolitoral.com\/2022\/12\/hello-world\/#article","isPartOf":{"@id":"https:\/\/radiolitoral.com\/2022\/12\/hello-world\/"},"author":{"name":"Mel Pescuezo","@id":"https:\/\/radiolitoral.com\/#\/schema\/person\/aad4f72efa404f85b68e832d24cac059"},"headline":"D\u00e9nia comienza el A\u00f1o Nuevo haciendo deporte","datePublished":"2022-12-14T00:00:11+00:00","dateModified":"2023-01-02T08:47:29+00:00","mainEntityOfPage":{"@id":"https:\/\/radiolitoral.com\/2022\/12\/hello-world\/"},"wordCount":117,"commentCount":1,"publisher":{"@id":"https:\/\/radiolitoral.com\/#organization"},"image":{"@id":"https:\/\/radiolitoral.com\/2022\/12\/hello-world\/#primaryimage"},"thumbnailUrl":"https:\/\/media.radiolitoral.com\/wp-content\/uploads\/2022\/12\/24143258\/basketball-gfd6526f46_1920.jpg","keywords":["actividades","deportes"],"articleSection":["Deportes"],"inLanguage":"ca","potentialAction":[{"@type":"CommentAction","name":"Comment","target":["https:\/\/radiolitoral.com\/2022\/12\/hello-world\/#respond"]}]},{"@type":["WebPage","ItemPage"],"@id":"https:\/\/radiolitoral.com\/2022\/12\/hello-world\/","url":"https:\/\/radiolitoral.com\/2022\/12\/hello-world\/","name":"D\u00e9nia comen\u00e7a l&#039;Any Nou fent esport | R\u00e0dio Litoral","isPartOf":{"@id":"https:\/\/radiolitoral.com\/#website"},"primaryImageOfPage":{"@id":"https:\/\/radiolitoral.com\/2022\/12\/hello-world\/#primaryimage"},"image":{"@id":"https:\/\/radiolitoral.com\/2022\/12\/hello-world\/#primaryimage"},"thumbnailUrl":"https:\/\/media.radiolitoral.com\/wp-content\/uploads\/2022\/12\/24143258\/basketball-gfd6526f46_1920.jpg","datePublished":"2022-12-14T00:00:11+00:00","dateModified":"2023-01-02T08:47:29+00:00","description":"Avui i dem\u00e0 dimarts tenim una cita al carrer La Via","breadcrumb":{"@id":"https:\/\/radiolitoral.com\/2022\/12\/hello-world\/#breadcrumb"},"inLanguage":"ca","potentialAction":[{"@type":"ReadAction","target":["https:\/\/radiolitoral.com\/2022\/12\/hello-world\/"]}]},{"@type":"ImageObject","inLanguage":"ca","@id":"https:\/\/radiolitoral.com\/2022\/12\/hello-world\/#primaryimage","url":"https:\/\/media.radiolitoral.com\/wp-content\/uploads\/2022\/12\/24143258\/basketball-gfd6526f46_1920.jpg","contentUrl":"https:\/\/media.radiolitoral.com\/wp-content\/uploads\/2022\/12\/24143258\/basketball-gfd6526f46_1920.jpg","width":1920,"height":1275},{"@type":"BreadcrumbList","@id":"https:\/\/radiolitoral.com\/2022\/12\/hello-world\/#breadcrumb","itemListElement":[{"@type":"ListItem","position":1,"name":"Portada","item":"https:\/\/radiolitoral.com\/"},{"@type":"ListItem","position":2,"name":"D\u00e9nia comienza el A\u00f1o Nuevo haciendo deporte"}]},{"@type":"WebSite","@id":"https:\/\/radiolitoral.com\/#website","url":"https:\/\/radiolitoral.com\/","name":"R\u00e0dio Litoral","description":"La r\u00e0dio local de la Marina Alta","publisher":{"@id":"https:\/\/radiolitoral.com\/#organization"},"alternateName":"Litoral FM","potentialAction":[{"@type":"SearchAction","target":{"@type":"EntryPoint","urlTemplate":"https:\/\/radiolitoral.com\/?s={search_term_string}"},"query-input":{"@type":"PropertyValueSpecification","valueRequired":true,"valueName":"search_term_string"}}],"inLanguage":"ca"},{"@type":"Organization","@id":"https:\/\/radiolitoral.com\/#organization","name":"R\u00e0dio Litoral","url":"https:\/\/radiolitoral.com\/","logo":{"@type":"ImageObject","inLanguage":"ca","@id":"https:\/\/radiolitoral.com\/#\/schema\/logo\/image\/","url":"https:\/\/media.radiolitoral.com\/wp-content\/uploads\/2023\/02\/24143238\/CL-V-RadioLitoral696.png","contentUrl":"https:\/\/media.radiolitoral.com\/wp-content\/uploads\/2023\/02\/24143238\/CL-V-RadioLitoral696.png","width":696,"height":696,"caption":"Radio Litoral"},"image":{"@id":"https:\/\/radiolitoral.com\/#\/schema\/logo\/image\/"},"sameAs":["https:\/\/www.facebook.com\/Laradiolitoral\/"]},{"@type":"Person","@id":"https:\/\/radiolitoral.com\/#\/schema\/person\/aad4f72efa404f85b68e832d24cac059","name":"Mel Pescuezo","image":{"@type":"ImageObject","inLanguage":"ca","@id":"https:\/\/secure.gravatar.com\/avatar\/993975ae489c70cb0dd9bfa9413a082f0bd276582dac13661af7b33f161e7eea?s=96&d=mm&r=g","url":"https:\/\/secure.gravatar.com\/avatar\/993975ae489c70cb0dd9bfa9413a082f0bd276582dac13661af7b33f161e7eea?s=96&d=mm&r=g","contentUrl":"https:\/\/secure.gravatar.com\/avatar\/993975ae489c70cb0dd9bfa9413a082f0bd276582dac13661af7b33f161e7eea?s=96&d=mm&r=g","caption":"Mel Pescuezo"},"url":"https:\/\/radiolitoral.com\/ca\/author\/serviciospararadios\/"}]}},"_links":{"self":[{"href":"https:\/\/radiolitoral.com\/ca\/wp-json\/wp\/v2\/posts\/1","targetHints":{"allow":["GET"]}}],"collection":[{"href":"https:\/\/radiolitoral.com\/ca\/wp-json\/wp\/v2\/posts"}],"about":[{"href":"https:\/\/radiolitoral.com\/ca\/wp-json\/wp\/v2\/types\/post"}],"author":[{"embeddable":true,"href":"https:\/\/radiolitoral.com\/ca\/wp-json\/wp\/v2\/users\/21"}],"replies":[{"embeddable":true,"href":"https:\/\/radiolitoral.com\/ca\/wp-json\/wp\/v2\/comments?post=1"}],"version-history":[{"count":5,"href":"https:\/\/radiolitoral.com\/ca\/wp-json\/wp\/v2\/posts\/1\/revisions"}],"predecessor-version":[{"id":311,"href":"https:\/\/radiolitoral.com\/ca\/wp-json\/wp\/v2\/posts\/1\/revisions\/311"}],"wp:featuredmedia":[{"embeddable":true,"href":"https:\/\/radiolitoral.com\/ca\/wp-json\/wp\/v2\/media\/308"}],"wp:attachment":[{"href":"https:\/\/radiolitoral.com\/ca\/wp-json\/wp\/v2\/media?parent=1"}],"wp:term":[{"taxonomy":"category","embeddable":true,"href":"https:\/\/radiolitoral.com\/ca\/wp-json\/wp\/v2\/categories?post=1"},{"taxonomy":"post_tag","embeddable":true,"href":"https:\/\/radiolitoral.com\/ca\/wp-json\/wp\/v2\/tags?post=1"}],"curies":[{"name":"wp","href":"https:\/\/api.w.org\/{rel}","templated":true}]}}